{"id":21042,"date":"2024-03-30T09:57:16","date_gmt":"2024-03-30T12:57:16","guid":{"rendered":"https:\/\/radiostudiow.com.br\/site\/?p=21042"},"modified":"2025-01-31T14:59:29","modified_gmt":"2025-01-31T17:59:29","slug":"21042","status":"publish","type":"post","link":"https:\/\/radiostudiow.com.br\/site\/2024\/03\/30\/21042\/","title":{"rendered":"PM de Mallet \u00e9 acionada ap\u00f3s Descumprimento de Decis\u00e3o Judicial de Medida Protetiva no bairro S\u00e3o Pedro"},"content":{"rendered":"\n<p>A equipe da Pol\u00edcia Militar de Mallet foi acionada para se deslocar at\u00e9 o bairro S\u00e3o Pedro aonde estava ocorrendo uma situa\u00e7\u00e3o de Descumprimento de Decis\u00e3o Judicial de Medida Protetiva por volta das 12 horas dessa quinta-feira (28).<\/p>\n\n\n\n<figure class=\"wp-block-image size-full\"><img decoding=\"async\" src=\"https:\/\/radiostudiow.com.br\/site\/wp-content\/uploads\/2024\/01\/SITE-GRANDE.png\" alt=\"\" class=\"wp-image-18949\"\/><\/figure>\n\n\n\n<p>De acordo com as testemunhas, tinham conhecimento de uma medida protetiva e ao passarem pela resid\u00eancia vizinha avistaram um suspeito com as caracter\u00edsticas do notificado pela v\u00edtima.<\/p>\n\n\n\n<p>No local, os policiais abordaram o suspeito, o qual relatou que estava morando com a v\u00edtima j\u00e1 algum tempo, por\u00e9m, ela n\u00e3o retirou a Medida Protetiva. Em contato com a mulher, ela relatou que ainda deseja permanecer com as medidas.<\/p>\n\n\n\n<figure class=\"wp-block-image size-full\"><img loading=\"lazy\" decoding=\"async\" width=\"897\" height=\"204\" src=\"https:\/\/radiostudiow.com.br\/site\/wp-content\/uploads\/2024\/01\/SITE-GRANDE3.png\" alt=\"zaions\" class=\"wp-image-18936\" srcset=\"https:\/\/radiostudiow.com.br\/site\/wp-content\/uploads\/2024\/01\/SITE-GRANDE3.png 897w, https:\/\/radiostudiow.com.br\/site\/wp-content\/uploads\/2024\/01\/SITE-GRANDE3-300x68.png 300w, https:\/\/radiostudiow.com.br\/site\/wp-content\/uploads\/2024\/01\/SITE-GRANDE3-768x175.png 768w\" sizes=\"auto, (max-width: 897px) 100vw, 897px\" \/><\/figure>\n\n\n\n<p>Diante dos fatos foi dado voz de pris\u00e3o ao mesmo, lido seus diteitos e conduzido a Pol\u00edcia Judici\u00e1ria para demais demais provid\u00eancias.<\/p>\n\n\n\n<p>Os envolvidos foram conduzidos em compartimentos separado at\u00e9 a Delegacia de Uni\u00e3o da Vit\u00f3ria.<\/p>\n","protected":false},"excerpt":{"rendered":"<p>A equipe da Pol\u00edcia Militar de Mallet foi acionada para se deslocar at\u00e9 o bairro S\u00e3o Pedro aonde estava ocorrendo uma situa\u00e7\u00e3o de Descumprimento de Decis\u00e3o Judicial de Medida Protetiva por volta das 12 horas dessa quinta-feira (28). De acordo com as testemunhas, tinham conhecimento de uma medida protetiva e ao passarem pela resid\u00eancia vizinha [&hellip;]<\/p>\n","protected":false},"author":2,"featured_media":10642,"comment_status":"open","ping_status":"open","sticky":false,"template":"","format":"standard","meta":{"footnotes":""},"categories":[2],"tags":[172],"class_list":["post-21042","post","type-post","status-publish","format-standard","has-post-thumbnail","hentry","category-policial","tag-featured"],"amp_enabled":true,"_links":{"self":[{"href":"https:\/\/radiostudiow.com.br\/site\/wp-json\/wp\/v2\/posts\/21042","targetHints":{"allow":["GET"]}}],"collection":[{"href":"https:\/\/radiostudiow.com.br\/site\/wp-json\/wp\/v2\/posts"}],"about":[{"href":"https:\/\/radiostudiow.com.br\/site\/wp-json\/wp\/v2\/types\/post"}],"author":[{"embeddable":true,"href":"https:\/\/radiostudiow.com.br\/site\/wp-json\/wp\/v2\/users\/2"}],"replies":[{"embeddable":true,"href":"https:\/\/radiostudiow.com.br\/site\/wp-json\/wp\/v2\/comments?post=21042"}],"version-history":[{"count":2,"href":"https:\/\/radiostudiow.com.br\/site\/wp-json\/wp\/v2\/posts\/21042\/revisions"}],"predecessor-version":[{"id":21045,"href":"https:\/\/radiostudiow.com.br\/site\/wp-json\/wp\/v2\/posts\/21042\/revisions\/21045"}],"wp:featuredmedia":[{"embeddable":true,"href":"https:\/\/radiostudiow.com.br\/site\/wp-json\/wp\/v2\/media\/10642"}],"wp:attachment":[{"href":"https:\/\/radiostudiow.com.br\/site\/wp-json\/wp\/v2\/media?parent=21042"}],"wp:term":[{"taxonomy":"category","embeddable":true,"href":"https:\/\/radiostudiow.com.br\/site\/wp-json\/wp\/v2\/categories?post=21042"},{"taxonomy":"post_tag","embeddable":true,"href":"https:\/\/radiostudiow.com.br\/site\/wp-json\/wp\/v2\/tags?post=21042"}],"curies":[{"name":"wp","href":"https:\/\/api.w.org\/{rel}","templated":true}]}}