{"id":21046,"date":"2024-03-30T10:23:40","date_gmt":"2024-03-30T13:23:40","guid":{"rendered":"https:\/\/radiostudiow.com.br\/site\/?p=21046"},"modified":"2025-01-31T14:59:29","modified_gmt":"2025-01-31T17:59:29","slug":"policia-militar-e-acionada-apos-tentativa-de-furto-na-area-rural-de-mallet","status":"publish","type":"post","link":"https:\/\/radiostudiow.com.br\/site\/2024\/03\/30\/policia-militar-e-acionada-apos-tentativa-de-furto-na-area-rural-de-mallet\/","title":{"rendered":"Pol\u00edcia Militar \u00e9 acionada ap\u00f3s tentativa de furto na \u00e1rea rural de Mallet"},"content":{"rendered":"\n<p>A equipe da Pol\u00edcia Militar de Mallet foi acionada por moradores da localidade do Vicinal Tr\u00eas, \u00e1rea rural por volta das 21:10 horas dessa quinta-feira, 28 de mar\u00e7o, para averiguar uma poss\u00edvel tentativa de invas\u00e3o domiciliar.<\/p>\n\n\n\n<figure class=\"wp-block-image size-large\"><img decoding=\"async\" src=\"https:\/\/radiostudiow.com.br\/site\/wp-content\/uploads\/2024\/02\/capa-1024x387.jpg\" alt=\"\" class=\"wp-image-19551\"\/><\/figure>\n\n\n\n<p>No local a equipe policial entrou em contato com o senhor, o qual relatou que seu pai estava em sua resid\u00eancia e afirmou ter visto duas pessoas no telhado e ouvido barulhos na parte externa. De acordo com o mesmo, estaria ocorrendo furtos pelas resid\u00eancia.<\/p>\n\n\n\n<p>Os policiais orientaram a v\u00edtima quanto aos procedimentos cab\u00edveis e realizaram buscas no local e pelas proximidades e ningu\u00e9m foi localidado.<\/p>\n","protected":false},"excerpt":{"rendered":"<p>A equipe da Pol\u00edcia Militar de Mallet foi acionada por moradores da localidade do Vicinal Tr\u00eas, \u00e1rea rural por volta das 21:10 horas dessa quinta-feira, 28 de mar\u00e7o, para averiguar uma poss\u00edvel tentativa de invas\u00e3o domiciliar. No local a equipe policial entrou em contato com o senhor, o qual relatou que seu pai estava em [&hellip;]<\/p>\n","protected":false},"author":2,"featured_media":20189,"comment_status":"open","ping_status":"open","sticky":false,"template":"","format":"standard","meta":{"footnotes":""},"categories":[2],"tags":[172],"class_list":["post-21046","post","type-post","status-publish","format-standard","has-post-thumbnail","hentry","category-policial","tag-featured"],"amp_enabled":true,"_links":{"self":[{"href":"https:\/\/radiostudiow.com.br\/site\/wp-json\/wp\/v2\/posts\/21046","targetHints":{"allow":["GET"]}}],"collection":[{"href":"https:\/\/radiostudiow.com.br\/site\/wp-json\/wp\/v2\/posts"}],"about":[{"href":"https:\/\/radiostudiow.com.br\/site\/wp-json\/wp\/v2\/types\/post"}],"author":[{"embeddable":true,"href":"https:\/\/radiostudiow.com.br\/site\/wp-json\/wp\/v2\/users\/2"}],"replies":[{"embeddable":true,"href":"https:\/\/radiostudiow.com.br\/site\/wp-json\/wp\/v2\/comments?post=21046"}],"version-history":[{"count":1,"href":"https:\/\/radiostudiow.com.br\/site\/wp-json\/wp\/v2\/posts\/21046\/revisions"}],"predecessor-version":[{"id":21047,"href":"https:\/\/radiostudiow.com.br\/site\/wp-json\/wp\/v2\/posts\/21046\/revisions\/21047"}],"wp:featuredmedia":[{"embeddable":true,"href":"https:\/\/radiostudiow.com.br\/site\/wp-json\/wp\/v2\/media\/20189"}],"wp:attachment":[{"href":"https:\/\/radiostudiow.com.br\/site\/wp-json\/wp\/v2\/media?parent=21046"}],"wp:term":[{"taxonomy":"category","embeddable":true,"href":"https:\/\/radiostudiow.com.br\/site\/wp-json\/wp\/v2\/categories?post=21046"},{"taxonomy":"post_tag","embeddable":true,"href":"https:\/\/radiostudiow.com.br\/site\/wp-json\/wp\/v2\/tags?post=21046"}],"curies":[{"name":"wp","href":"https:\/\/api.w.org\/{rel}","templated":true}]}}