{"id":21050,"date":"2024-03-30T11:37:09","date_gmt":"2024-03-30T14:37:09","guid":{"rendered":"https:\/\/radiostudiow.com.br\/site\/?p=21050"},"modified":"2025-01-31T14:59:29","modified_gmt":"2025-01-31T17:59:29","slug":"pm-e-acionada-apos-homem-de-posse-de-facao-comecar-ameacar-familiares-em-mallet","status":"publish","type":"post","link":"https:\/\/radiostudiow.com.br\/site\/2024\/03\/30\/pm-e-acionada-apos-homem-de-posse-de-facao-comecar-ameacar-familiares-em-mallet\/","title":{"rendered":"PM \u00e9 acionada ap\u00f3s homem de posse de fac\u00e3o come\u00e7ar amea\u00e7ar familiares em Mallet"},"content":{"rendered":"\n<p>Pol\u00edcia Militar de Mallet registrou uma situa\u00e7\u00e3o de amea\u00e7a na Col\u00f4nia Uma, \u00e1rea rural, \u00e1s 01:00 horas dessa quinta-feira (28).<\/p>\n\n\n\n<figure class=\"wp-block-image size-full\"><img decoding=\"async\" src=\"https:\/\/radiostudiow.com.br\/site\/wp-content\/uploads\/2024\/01\/SITE-PEQUENO3.png\" alt=\"\" class=\"wp-image-18924\"\/><\/figure>\n\n\n\n<p>O solicitante relatou que houve um desentendimento com seu cunhado por causa de divisas de terras, e afirmou que ap\u00f3s o seu cunhado ingerir bebidas alco\u00f3licas estaria lhe amea\u00e7ando e seus familiares com um fac\u00e3o. Completa que o autor veio bater com o fac\u00e3o na porta de sua resid\u00eancia.<\/p>\n\n\n\n<p>Diante da situa\u00e7\u00e3o as partes foram conduzidas at\u00e9 o Pelot\u00e3o da Pol\u00edcia Militar de Mallet para a lavratura do termo circunstanciado.<\/p>\n\n\n\n<figure class=\"wp-block-image size-full\"><img loading=\"lazy\" decoding=\"async\" width=\"598\" height=\"204\" src=\"https:\/\/radiostudiow.com.br\/site\/wp-content\/uploads\/2024\/01\/SITE-MEDIO.png\" alt=\"\" class=\"wp-image-18916\" srcset=\"https:\/\/radiostudiow.com.br\/site\/wp-content\/uploads\/2024\/01\/SITE-MEDIO.png 598w, https:\/\/radiostudiow.com.br\/site\/wp-content\/uploads\/2024\/01\/SITE-MEDIO-300x102.png 300w\" sizes=\"auto, (max-width: 598px) 100vw, 598px\" \/><\/figure>\n","protected":false},"excerpt":{"rendered":"<p>Pol\u00edcia Militar de Mallet registrou uma situa\u00e7\u00e3o de amea\u00e7a na Col\u00f4nia Uma, \u00e1rea rural, \u00e1s 01:00 horas dessa quinta-feira (28). O solicitante relatou que houve um desentendimento com seu cunhado por causa de divisas de terras, e afirmou que ap\u00f3s o seu cunhado ingerir bebidas alco\u00f3licas estaria lhe amea\u00e7ando e seus familiares com um fac\u00e3o. [&hellip;]<\/p>\n","protected":false},"author":2,"featured_media":12720,"comment_status":"open","ping_status":"open","sticky":false,"template":"","format":"standard","meta":{"footnotes":""},"categories":[2],"tags":[172],"class_list":["post-21050","post","type-post","status-publish","format-standard","has-post-thumbnail","hentry","category-policial","tag-featured"],"amp_enabled":true,"_links":{"self":[{"href":"https:\/\/radiostudiow.com.br\/site\/wp-json\/wp\/v2\/posts\/21050","targetHints":{"allow":["GET"]}}],"collection":[{"href":"https:\/\/radiostudiow.com.br\/site\/wp-json\/wp\/v2\/posts"}],"about":[{"href":"https:\/\/radiostudiow.com.br\/site\/wp-json\/wp\/v2\/types\/post"}],"author":[{"embeddable":true,"href":"https:\/\/radiostudiow.com.br\/site\/wp-json\/wp\/v2\/users\/2"}],"replies":[{"embeddable":true,"href":"https:\/\/radiostudiow.com.br\/site\/wp-json\/wp\/v2\/comments?post=21050"}],"version-history":[{"count":2,"href":"https:\/\/radiostudiow.com.br\/site\/wp-json\/wp\/v2\/posts\/21050\/revisions"}],"predecessor-version":[{"id":21064,"href":"https:\/\/radiostudiow.com.br\/site\/wp-json\/wp\/v2\/posts\/21050\/revisions\/21064"}],"wp:featuredmedia":[{"embeddable":true,"href":"https:\/\/radiostudiow.com.br\/site\/wp-json\/wp\/v2\/media\/12720"}],"wp:attachment":[{"href":"https:\/\/radiostudiow.com.br\/site\/wp-json\/wp\/v2\/media?parent=21050"}],"wp:term":[{"taxonomy":"category","embeddable":true,"href":"https:\/\/radiostudiow.com.br\/site\/wp-json\/wp\/v2\/categories?post=21050"},{"taxonomy":"post_tag","embeddable":true,"href":"https:\/\/radiostudiow.com.br\/site\/wp-json\/wp\/v2\/tags?post=21050"}],"curies":[{"name":"wp","href":"https:\/\/api.w.org\/{rel}","templated":true}]}}