{"id":21065,"date":"2024-03-30T11:47:51","date_gmt":"2024-03-30T14:47:51","guid":{"rendered":"https:\/\/radiostudiow.com.br\/site\/?p=21065"},"modified":"2025-01-31T14:59:29","modified_gmt":"2025-01-31T17:59:29","slug":"pm-se-mobiliza-com-roubo-na-area-central-de-uniao-da-vitoria","status":"publish","type":"post","link":"https:\/\/radiostudiow.com.br\/site\/2024\/03\/30\/pm-se-mobiliza-com-roubo-na-area-central-de-uniao-da-vitoria\/","title":{"rendered":"PM se mobiliza com roubo na \u00e1rea central de Uni\u00e3o da Vit\u00f3ria"},"content":{"rendered":"\n<p>A Pol\u00edcia Militar do 27\u00ba Batalh\u00e3o de Uni\u00e3o da Vit\u00f3ria esteve atendendo a uma ocorr\u00eancia de roubo registrada na \u00e1rea central por volta das 14:50 horas dessa quinta-feira (28).<\/p>\n\n\n\n<figure class=\"wp-block-image size-full\"><img decoding=\"async\" src=\"https:\/\/radiostudiow.com.br\/site\/wp-content\/uploads\/2024\/01\/SITE-GRANDE2.png\" alt=\"\" class=\"wp-image-18938\"\/><\/figure>\n\n\n\n<p>De acordo com informa\u00e7\u00f5es, a v\u00edtima relatou que ao chegar na sua casa, um homem trajando camisa azul, bermuda escura e que estava de bicicleta preta, lhe abordou anunciando o assalto.<\/p>\n\n\n\n<p>O homem teria segurado a v\u00edtima pelo antebra\u00e7o e roubado uma bolsa pequena marrom com uma certa quantia em dinheiro. Na sequ\u00eancia, fugiu do local tomando rumo ignorado. A Pol\u00edcia fez buscas, no entanto, n\u00e3o encontrou.<\/p>\n","protected":false},"excerpt":{"rendered":"<p>A Pol\u00edcia Militar do 27\u00ba Batalh\u00e3o de Uni\u00e3o da Vit\u00f3ria esteve atendendo a uma ocorr\u00eancia de roubo registrada na \u00e1rea central por volta das 14:50 horas dessa quinta-feira (28). De acordo com informa\u00e7\u00f5es, a v\u00edtima relatou que ao chegar na sua casa, um homem trajando camisa azul, bermuda escura e que estava de bicicleta preta, [&hellip;]<\/p>\n","protected":false},"author":2,"featured_media":10652,"comment_status":"open","ping_status":"open","sticky":false,"template":"","format":"standard","meta":{"footnotes":""},"categories":[2],"tags":[172],"class_list":["post-21065","post","type-post","status-publish","format-standard","has-post-thumbnail","hentry","category-policial","tag-featured"],"amp_enabled":true,"_links":{"self":[{"href":"https:\/\/radiostudiow.com.br\/site\/wp-json\/wp\/v2\/posts\/21065","targetHints":{"allow":["GET"]}}],"collection":[{"href":"https:\/\/radiostudiow.com.br\/site\/wp-json\/wp\/v2\/posts"}],"about":[{"href":"https:\/\/radiostudiow.com.br\/site\/wp-json\/wp\/v2\/types\/post"}],"author":[{"embeddable":true,"href":"https:\/\/radiostudiow.com.br\/site\/wp-json\/wp\/v2\/users\/2"}],"replies":[{"embeddable":true,"href":"https:\/\/radiostudiow.com.br\/site\/wp-json\/wp\/v2\/comments?post=21065"}],"version-history":[{"count":1,"href":"https:\/\/radiostudiow.com.br\/site\/wp-json\/wp\/v2\/posts\/21065\/revisions"}],"predecessor-version":[{"id":21066,"href":"https:\/\/radiostudiow.com.br\/site\/wp-json\/wp\/v2\/posts\/21065\/revisions\/21066"}],"wp:featuredmedia":[{"embeddable":true,"href":"https:\/\/radiostudiow.com.br\/site\/wp-json\/wp\/v2\/media\/10652"}],"wp:attachment":[{"href":"https:\/\/radiostudiow.com.br\/site\/wp-json\/wp\/v2\/media?parent=21065"}],"wp:term":[{"taxonomy":"category","embeddable":true,"href":"https:\/\/radiostudiow.com.br\/site\/wp-json\/wp\/v2\/categories?post=21065"},{"taxonomy":"post_tag","embeddable":true,"href":"https:\/\/radiostudiow.com.br\/site\/wp-json\/wp\/v2\/tags?post=21065"}],"curies":[{"name":"wp","href":"https:\/\/api.w.org\/{rel}","templated":true}]}}