{"id":21067,"date":"2024-03-30T11:51:00","date_gmt":"2024-03-30T14:51:00","guid":{"rendered":"https:\/\/radiostudiow.com.br\/site\/?p=21067"},"modified":"2025-01-31T14:59:29","modified_gmt":"2025-01-31T17:59:29","slug":"homem-suspeito-de-varios-crimes-e-preso-em-irati","status":"publish","type":"post","link":"https:\/\/radiostudiow.com.br\/site\/2024\/03\/30\/homem-suspeito-de-varios-crimes-e-preso-em-irati\/","title":{"rendered":"Homem suspeito de v\u00e1rios crimes \u00e9 preso em Irati"},"content":{"rendered":"\n<p>Um homem, de 28 anos, foi preso em\u00a0Irati pela\u00a0Pol\u00edcia Civil na tarde da \u00faltima quinta-feira, 28 de mar\u00e7o, ap\u00f3s unifica\u00e7\u00e3o de penas de diversas condena\u00e7\u00f5es que o indiv\u00edduo teve contra si.<\/p>\n\n\n\n<figure class=\"wp-block-image size-large is-resized\"><img decoding=\"async\" src=\"https:\/\/radiostudiow.com.br\/site\/wp-content\/uploads\/2024\/03\/image-47-1024x390.png\" alt=\"\" class=\"wp-image-20879\" style=\"width:740px;height:auto\"\/><\/figure>\n\n\n\n<p>O mandado de pris\u00e3o\u00a0 foi expedido pelo poder judici\u00e1rio e cumprido pela\u00a041\u00aa Delegacia Regional de Pol\u00edcia Civil (D.R.P.). A pol\u00edcia informa que na ficha criminal do homem constam v\u00e1rios processos pelos crimes de furto e viola\u00e7\u00e3o de domic\u00edlio, ocorridos entre os anos de 2018 e 2021.<\/p>\n\n\n\n<p>A equipe policial da 41\u00aa D.R.P. efetuou dilig\u00eancias a fim de encontrar o homem. Ele foi detido na localidade rural de Rio Preto e encaminhado, posteriormente, ao departamento penitenci\u00e1rio de Irati onde fica \u00e0 disposi\u00e7\u00e3o da justi\u00e7a.<\/p>\n\n\n\n<figure class=\"wp-block-image size-large\"><img decoding=\"async\" src=\"https:\/\/radiostudiow.com.br\/site\/wp-content\/uploads\/2024\/03\/LABIRATI-1024x1024.png\" alt=\"\" class=\"wp-image-20677\"\/><\/figure>\n\n\n\n<p><em>Com informa\u00e7\u00f5es aRede<\/em><\/p>\n","protected":false},"excerpt":{"rendered":"<p>Um homem, de 28 anos, foi preso em\u00a0Irati pela\u00a0Pol\u00edcia Civil na tarde da \u00faltima quinta-feira, 28 de mar\u00e7o, ap\u00f3s unifica\u00e7\u00e3o de penas de diversas condena\u00e7\u00f5es que o indiv\u00edduo teve contra si. O mandado de pris\u00e3o\u00a0 foi expedido pelo poder judici\u00e1rio e cumprido pela\u00a041\u00aa Delegacia Regional de Pol\u00edcia Civil (D.R.P.). A pol\u00edcia informa que na ficha [&hellip;]<\/p>\n","protected":false},"author":2,"featured_media":17394,"comment_status":"open","ping_status":"open","sticky":false,"template":"","format":"standard","meta":{"footnotes":""},"categories":[2],"tags":[172],"class_list":["post-21067","post","type-post","status-publish","format-standard","has-post-thumbnail","hentry","category-policial","tag-featured"],"amp_enabled":true,"_links":{"self":[{"href":"https:\/\/radiostudiow.com.br\/site\/wp-json\/wp\/v2\/posts\/21067","targetHints":{"allow":["GET"]}}],"collection":[{"href":"https:\/\/radiostudiow.com.br\/site\/wp-json\/wp\/v2\/posts"}],"about":[{"href":"https:\/\/radiostudiow.com.br\/site\/wp-json\/wp\/v2\/types\/post"}],"author":[{"embeddable":true,"href":"https:\/\/radiostudiow.com.br\/site\/wp-json\/wp\/v2\/users\/2"}],"replies":[{"embeddable":true,"href":"https:\/\/radiostudiow.com.br\/site\/wp-json\/wp\/v2\/comments?post=21067"}],"version-history":[{"count":1,"href":"https:\/\/radiostudiow.com.br\/site\/wp-json\/wp\/v2\/posts\/21067\/revisions"}],"predecessor-version":[{"id":21068,"href":"https:\/\/radiostudiow.com.br\/site\/wp-json\/wp\/v2\/posts\/21067\/revisions\/21068"}],"wp:featuredmedia":[{"embeddable":true,"href":"https:\/\/radiostudiow.com.br\/site\/wp-json\/wp\/v2\/media\/17394"}],"wp:attachment":[{"href":"https:\/\/radiostudiow.com.br\/site\/wp-json\/wp\/v2\/media?parent=21067"}],"wp:term":[{"taxonomy":"category","embeddable":true,"href":"https:\/\/radiostudiow.com.br\/site\/wp-json\/wp\/v2\/categories?post=21067"},{"taxonomy":"post_tag","embeddable":true,"href":"https:\/\/radiostudiow.com.br\/site\/wp-json\/wp\/v2\/tags?post=21067"}],"curies":[{"name":"wp","href":"https:\/\/api.w.org\/{rel}","templated":true}]}}