{"id":21076,"date":"2024-04-01T09:56:13","date_gmt":"2024-04-01T12:56:13","guid":{"rendered":"https:\/\/radiostudiow.com.br\/site\/?p=21076"},"modified":"2025-01-31T14:59:29","modified_gmt":"2025-01-31T17:59:29","slug":"carro-e-encontrado-abandonado-na-pr-170-em-general-carneiro","status":"publish","type":"post","link":"https:\/\/radiostudiow.com.br\/site\/2024\/04\/01\/carro-e-encontrado-abandonado-na-pr-170-em-general-carneiro\/","title":{"rendered":"Carro \u00e9 encontrado abandonado na PR-170 em General Carneiro"},"content":{"rendered":"\n<p>A equipe da Pol\u00edcia Militar de General Carneiro localizou um ve\u00edculo abandonado na rodovia PR-170 por volta das 09:30 horas desse domingo (01).<\/p>\n\n\n\n<figure class=\"wp-block-image size-full\"><img loading=\"lazy\" decoding=\"async\" width=\"300\" height=\"180\" src=\"https:\/\/radiostudiow.com.br\/site\/wp-content\/uploads\/2024\/01\/SITE-PEQUENO.png\" alt=\"\" class=\"wp-image-18945\"\/><\/figure>\n\n\n\n<p>De acordo com informa\u00e7\u00f5es divulgadas para a imprensa, foi recebida a informa\u00e7\u00e3o sobre o ve\u00edculo e deslocado at\u00e9 a rodovia, sendo encontrado o carro abandonado, o qual n\u00e3o constava alerta de furto ou roubo.<\/p>\n\n\n\n<p>O carro estava com as lanternas quebradas e sem as rodas, al\u00e9m disso o painel e o tamp\u00e3o do porta malas tamb\u00e9m estavam quebrados. Diante dos fatos, a equipe entrou em contato com o COPOM e foram adotadas as medidas cab\u00edveis.<\/p>\n","protected":false},"excerpt":{"rendered":"<p>A equipe da Pol\u00edcia Militar de General Carneiro localizou um ve\u00edculo abandonado na rodovia PR-170 por volta das 09:30 horas desse domingo (01). De acordo com informa\u00e7\u00f5es divulgadas para a imprensa, foi recebida a informa\u00e7\u00e3o sobre o ve\u00edculo e deslocado at\u00e9 a rodovia, sendo encontrado o carro abandonado, o qual n\u00e3o constava alerta de furto [&hellip;]<\/p>\n","protected":false},"author":2,"featured_media":20850,"comment_status":"open","ping_status":"open","sticky":false,"template":"","format":"standard","meta":{"footnotes":""},"categories":[2],"tags":[172],"class_list":["post-21076","post","type-post","status-publish","format-standard","has-post-thumbnail","hentry","category-policial","tag-featured"],"amp_enabled":true,"_links":{"self":[{"href":"https:\/\/radiostudiow.com.br\/site\/wp-json\/wp\/v2\/posts\/21076","targetHints":{"allow":["GET"]}}],"collection":[{"href":"https:\/\/radiostudiow.com.br\/site\/wp-json\/wp\/v2\/posts"}],"about":[{"href":"https:\/\/radiostudiow.com.br\/site\/wp-json\/wp\/v2\/types\/post"}],"author":[{"embeddable":true,"href":"https:\/\/radiostudiow.com.br\/site\/wp-json\/wp\/v2\/users\/2"}],"replies":[{"embeddable":true,"href":"https:\/\/radiostudiow.com.br\/site\/wp-json\/wp\/v2\/comments?post=21076"}],"version-history":[{"count":2,"href":"https:\/\/radiostudiow.com.br\/site\/wp-json\/wp\/v2\/posts\/21076\/revisions"}],"predecessor-version":[{"id":21078,"href":"https:\/\/radiostudiow.com.br\/site\/wp-json\/wp\/v2\/posts\/21076\/revisions\/21078"}],"wp:featuredmedia":[{"embeddable":true,"href":"https:\/\/radiostudiow.com.br\/site\/wp-json\/wp\/v2\/media\/20850"}],"wp:attachment":[{"href":"https:\/\/radiostudiow.com.br\/site\/wp-json\/wp\/v2\/media?parent=21076"}],"wp:term":[{"taxonomy":"category","embeddable":true,"href":"https:\/\/radiostudiow.com.br\/site\/wp-json\/wp\/v2\/categories?post=21076"},{"taxonomy":"post_tag","embeddable":true,"href":"https:\/\/radiostudiow.com.br\/site\/wp-json\/wp\/v2\/tags?post=21076"}],"curies":[{"name":"wp","href":"https:\/\/api.w.org\/{rel}","templated":true}]}}