{"id":21083,"date":"2024-04-02T11:54:36","date_gmt":"2024-04-02T14:54:36","guid":{"rendered":"https:\/\/radiostudiow.com.br\/site\/?p=21083"},"modified":"2025-01-31T14:59:29","modified_gmt":"2025-01-31T17:59:29","slug":"moradores-de-carazinho-acionam-policia-militar-apos-homem-ameacar-vizinhos-com-arma-de-fogo","status":"publish","type":"post","link":"https:\/\/radiostudiow.com.br\/site\/2024\/04\/02\/moradores-de-carazinho-acionam-policia-militar-apos-homem-ameacar-vizinhos-com-arma-de-fogo\/","title":{"rendered":"Moradores de Carazinho acionam Pol\u00edcia Militar ap\u00f3s homem amea\u00e7ar vizinhos com arma de fogo"},"content":{"rendered":"\n<p>A equipe da Pol\u00edcia Militar de Paula Freitas foi acionada por volta das 16 horas desse s\u00e1bado, 30 de mar\u00e7o, para se deslocar at\u00e9 a localidade de Carazinho onde estava ocorrendo uma situa\u00e7\u00e3o de amea\u00e7a com arma de fogo.<\/p>\n\n\n\n<figure class=\"wp-block-image size-full\"><img decoding=\"async\" src=\"https:\/\/radiostudiow.com.br\/site\/wp-content\/uploads\/2024\/03\/SITE-MEDIO5.png\" alt=\"\" class=\"wp-image-20406\"\/><\/figure>\n\n\n\n<p>No local, os policiais entraram em contato com um casal e passaram a relatar que durante a tarde o seu filho estava passeando de cavalo pela estrada, quando o seu vizinho teria lhe amea\u00e7ado com uma arma de fogo, sem motivos.<\/p>\n\n\n\n<p>A v\u00edtima voltou para a casa e pediu socorro para seus pais que fizeram o acionamento da pol\u00edcia.<\/p>\n\n\n\n<p>O solicitante informou a resid\u00eancia do autor, que ficava h\u00e1 alguns metros da sua casa. Os policiais se deslocaram at\u00e9 a propriedade que estava com o port\u00e3o trancado na corrente e cadeado. Foram diversas tentativas de contato atrav\u00e9s de sinais luminosos e sonoros, mas ningu\u00e9m apareceu para atender os policiais.<\/p>\n\n\n\n<figure class=\"wp-block-image size-full\"><img decoding=\"async\" src=\"https:\/\/radiostudiow.com.br\/site\/wp-content\/uploads\/2024\/03\/bannertijolao.jpg\" alt=\"\" class=\"wp-image-20494\"\/><\/figure>\n\n\n\n<p>As v\u00edtimas ainda afirmaram que o autor possui um ve\u00edculo na cor branca, o qual n\u00e3o foi poss\u00edvel visualizar na resid\u00eancia. A equipe realizou patrulhamento pela regi\u00e3o com o objetivo de encontrar o autor, por\u00e9m, n\u00e3o obteve \u00eaxito.<\/p>\n\n\n\n<p>A fam\u00edlia foi orientada quanto aos procedimentos cab\u00edveis.<\/p>\n","protected":false},"excerpt":{"rendered":"<p>A equipe da Pol\u00edcia Militar de Paula Freitas foi acionada por volta das 16 horas desse s\u00e1bado, 30 de mar\u00e7o, para se deslocar at\u00e9 a localidade de Carazinho onde estava ocorrendo uma situa\u00e7\u00e3o de amea\u00e7a com arma de fogo. No local, os policiais entraram em contato com um casal e passaram a relatar que durante [&hellip;]<\/p>\n","protected":false},"author":2,"featured_media":17774,"comment_status":"open","ping_status":"open","sticky":false,"template":"","format":"standard","meta":{"footnotes":""},"categories":[2],"tags":[172],"class_list":["post-21083","post","type-post","status-publish","format-standard","has-post-thumbnail","hentry","category-policial","tag-featured"],"amp_enabled":true,"_links":{"self":[{"href":"https:\/\/radiostudiow.com.br\/site\/wp-json\/wp\/v2\/posts\/21083","targetHints":{"allow":["GET"]}}],"collection":[{"href":"https:\/\/radiostudiow.com.br\/site\/wp-json\/wp\/v2\/posts"}],"about":[{"href":"https:\/\/radiostudiow.com.br\/site\/wp-json\/wp\/v2\/types\/post"}],"author":[{"embeddable":true,"href":"https:\/\/radiostudiow.com.br\/site\/wp-json\/wp\/v2\/users\/2"}],"replies":[{"embeddable":true,"href":"https:\/\/radiostudiow.com.br\/site\/wp-json\/wp\/v2\/comments?post=21083"}],"version-history":[{"count":7,"href":"https:\/\/radiostudiow.com.br\/site\/wp-json\/wp\/v2\/posts\/21083\/revisions"}],"predecessor-version":[{"id":21133,"href":"https:\/\/radiostudiow.com.br\/site\/wp-json\/wp\/v2\/posts\/21083\/revisions\/21133"}],"wp:featuredmedia":[{"embeddable":true,"href":"https:\/\/radiostudiow.com.br\/site\/wp-json\/wp\/v2\/media\/17774"}],"wp:attachment":[{"href":"https:\/\/radiostudiow.com.br\/site\/wp-json\/wp\/v2\/media?parent=21083"}],"wp:term":[{"taxonomy":"category","embeddable":true,"href":"https:\/\/radiostudiow.com.br\/site\/wp-json\/wp\/v2\/categories?post=21083"},{"taxonomy":"post_tag","embeddable":true,"href":"https:\/\/radiostudiow.com.br\/site\/wp-json\/wp\/v2\/tags?post=21083"}],"curies":[{"name":"wp","href":"https:\/\/api.w.org\/{rel}","templated":true}]}}