{"id":21147,"date":"2024-04-02T21:06:22","date_gmt":"2024-04-03T00:06:22","guid":{"rendered":"https:\/\/radiostudiow.com.br\/site\/?p=21147"},"modified":"2025-01-31T14:59:29","modified_gmt":"2025-01-31T17:59:29","slug":"ossada-de-homem-que-desapareceu-em-2022-pode-ter-sido-localizada","status":"publish","type":"post","link":"https:\/\/radiostudiow.com.br\/site\/2024\/04\/02\/ossada-de-homem-que-desapareceu-em-2022-pode-ter-sido-localizada\/","title":{"rendered":"Ossada de homem que desapareceu em 2022 pode ter sido localizada"},"content":{"rendered":"\n<figure class=\"wp-block-image size-full\"><img decoding=\"async\" src=\"https:\/\/radiostudiow.com.br\/site\/wp-content\/uploads\/2024\/01\/SITE-GRANDE4.png\" alt=\"\" class=\"wp-image-18920\"\/><\/figure>\n\n\n\n<p>Na manh\u00e3 do domingo de P\u00e1scoa, 31, algumas pessoas que estavam \u00e0 procura de pinh\u00e3o numa mata na localidade de Carqueja interior de S\u00e3o Mateus do Sul se depararam com uma ossada humana. O IML e Criminal\u00edstica foram acionados para recolher os ossos e fazer os procedimentos necess\u00e1rios para a identifica\u00e7\u00e3o oficial do cad\u00e1ver.<\/p>\n\n\n\n<p>No entanto, familiares de L\u00facio Styczynki estiveram no local do achado e, pelos restos de roupas e um aparelho de telefone celular que estava junto da ossada, acreditam que se trata dos restos mortais do homem que desapareceu daquela localidade em julho de 2022.<\/p>\n\n\n\n<figure class=\"wp-block-image size-large\"><img decoding=\"async\" src=\"https:\/\/radiostudiow.com.br\/site\/wp-content\/uploads\/2024\/02\/capa-1024x387.jpg\" alt=\"\" class=\"wp-image-19551\"\/><\/figure>\n\n\n\n<p>Relembre o caso<\/p>\n\n\n\n<p>L\u00facio, ent\u00e3o com 39 anos, saiu de casa no dia 12 de julho de 2022 por volta das 12h para tratar animais atr\u00e1s da sua casa, no entanto n\u00e3o voltou mais. Naquela semana, pol\u00edcia e bombeiros foram acionados e fizeram buscas nos arredores, por\u00e9m nenhum vest\u00edgio de L\u00facio foi encontrado.<\/p>\n\n\n\n<p>Vizinhos e familiares tamb\u00e9m andaram pela localidade tentando encontr\u00e1-lo, sem sucesso. L\u00facio desapareceu na regi\u00e3o entre a capela da Carqueja e Palmital de Cima. O local fica a 5km da BR-476, a cerca de 45 km da Lapa e 35 km de S\u00e3o Mateus do Sul.<\/p>\n\n\n\n<p>Fonte: Portal RDX<\/p>\n","protected":false},"excerpt":{"rendered":"<p>Na manh\u00e3 do domingo de P\u00e1scoa, 31, algumas pessoas que estavam \u00e0 procura de pinh\u00e3o numa mata na localidade de Carqueja interior de S\u00e3o Mateus do Sul se depararam com uma ossada humana. O IML e Criminal\u00edstica foram acionados para recolher os ossos e fazer os procedimentos necess\u00e1rios para a identifica\u00e7\u00e3o oficial do cad\u00e1ver. No [&hellip;]<\/p>\n","protected":false},"author":2,"featured_media":21148,"comment_status":"open","ping_status":"open","sticky":false,"template":"","format":"standard","meta":{"footnotes":""},"categories":[2],"tags":[172],"class_list":["post-21147","post","type-post","status-publish","format-standard","has-post-thumbnail","hentry","category-policial","tag-featured"],"amp_enabled":true,"_links":{"self":[{"href":"https:\/\/radiostudiow.com.br\/site\/wp-json\/wp\/v2\/posts\/21147","targetHints":{"allow":["GET"]}}],"collection":[{"href":"https:\/\/radiostudiow.com.br\/site\/wp-json\/wp\/v2\/posts"}],"about":[{"href":"https:\/\/radiostudiow.com.br\/site\/wp-json\/wp\/v2\/types\/post"}],"author":[{"embeddable":true,"href":"https:\/\/radiostudiow.com.br\/site\/wp-json\/wp\/v2\/users\/2"}],"replies":[{"embeddable":true,"href":"https:\/\/radiostudiow.com.br\/site\/wp-json\/wp\/v2\/comments?post=21147"}],"version-history":[{"count":1,"href":"https:\/\/radiostudiow.com.br\/site\/wp-json\/wp\/v2\/posts\/21147\/revisions"}],"predecessor-version":[{"id":21149,"href":"https:\/\/radiostudiow.com.br\/site\/wp-json\/wp\/v2\/posts\/21147\/revisions\/21149"}],"wp:featuredmedia":[{"embeddable":true,"href":"https:\/\/radiostudiow.com.br\/site\/wp-json\/wp\/v2\/media\/21148"}],"wp:attachment":[{"href":"https:\/\/radiostudiow.com.br\/site\/wp-json\/wp\/v2\/media?parent=21147"}],"wp:term":[{"taxonomy":"category","embeddable":true,"href":"https:\/\/radiostudiow.com.br\/site\/wp-json\/wp\/v2\/categories?post=21147"},{"taxonomy":"post_tag","embeddable":true,"href":"https:\/\/radiostudiow.com.br\/site\/wp-json\/wp\/v2\/tags?post=21147"}],"curies":[{"name":"wp","href":"https:\/\/api.w.org\/{rel}","templated":true}]}}