{"id":21189,"date":"2024-04-05T09:52:47","date_gmt":"2024-04-05T12:52:47","guid":{"rendered":"https:\/\/radiostudiow.com.br\/site\/?p=21189"},"modified":"2025-01-31T14:59:28","modified_gmt":"2025-01-31T17:59:28","slug":"em-paulo-frontin-homem-ameaca-proprietaria-de-pensao-apos-ela-recusar-a-chamar-taxi-para-ele-ir-comprar-droga","status":"publish","type":"post","link":"https:\/\/radiostudiow.com.br\/site\/2024\/04\/05\/em-paulo-frontin-homem-ameaca-proprietaria-de-pensao-apos-ela-recusar-a-chamar-taxi-para-ele-ir-comprar-droga\/","title":{"rendered":"Em Paulo Frontin, homem amea\u00e7a propriet\u00e1ria de pens\u00e3o ap\u00f3s ela recusar a chamar t\u00e1xi para ele ir comprar droga"},"content":{"rendered":"\n<p><\/p>\n\n\n\n<p>Nessa quarta-feira, 03 de abril, a Pol\u00edcia Militar de Paulo Frontin foi acionada para verificar uma situa\u00e7\u00e3o de amea\u00e7a.<\/p>\n\n\n\n<p>No local,a a solicitante relatou que estava abrigando um homem em sua pens\u00e3o, por\u00e9m, n\u00e3o conseguia recordar o nome dele, a pedido da assistente social.<\/p>\n\n\n\n<figure class=\"wp-block-image size-full\"><img decoding=\"async\" src=\"https:\/\/radiostudiow.com.br\/site\/wp-content\/uploads\/2024\/04\/image-24.png\" alt=\"\" class=\"wp-image-21222\"\/><\/figure>\n\n\n\n<p>Ela afirmou que por volta das 22 horas esse homem come\u00e7ou a ficar agressivo, pois queria que fosse solicitado um t\u00e1xi para que ele pudesse comprar drogas. Diante da negativa, ele saiu amea\u00e7ando a v\u00edtima, dizendo as seguintes palavras, \u201cVoc\u00ea n\u00e3o sabe com quem mexeu, eu sou de fac\u00e7\u00e3o&#8221;. Posteriormente, ele saiu do local e tomou rumo ignorado.<\/p>\n\n\n\n<p>A mulher expressou se sentir amea\u00e7ada e pediu orienta\u00e7\u00e3o aos policiais e disse que o autor n\u00e3o retornou para a sua pens\u00e3o. Descreveu que o homem estava vestindo um cal\u00e7\u00e3o jeans, uma camiseta escura e uma mochila nas costas.<\/p>\n\n\n\n<figure class=\"wp-block-image size-full\"><img loading=\"lazy\" decoding=\"async\" width=\"598\" height=\"204\" src=\"https:\/\/radiostudiow.com.br\/site\/wp-content\/uploads\/2024\/04\/image-23.png\" alt=\"\" class=\"wp-image-21221\" srcset=\"https:\/\/radiostudiow.com.br\/site\/wp-content\/uploads\/2024\/04\/image-23.png 598w, https:\/\/radiostudiow.com.br\/site\/wp-content\/uploads\/2024\/04\/image-23-300x102.png 300w\" sizes=\"auto, (max-width: 598px) 100vw, 598px\" \/><\/figure>\n\n\n\n<p>Diante dessas informa\u00e7\u00f5es, a equipe prestou as devidas orienta\u00e7\u00f5es no local e realizou um patrulhamento nas proximidades, por\u00e9m, n\u00e3o localizou ningu\u00e9m com as mesmas caracter\u00edsticas e comportamentos suspeitos.<\/p>\n","protected":false},"excerpt":{"rendered":"<p>Nessa quarta-feira, 03 de abril, a Pol\u00edcia Militar de Paulo Frontin foi acionada para verificar uma situa\u00e7\u00e3o de amea\u00e7a. No local,a a solicitante relatou que estava abrigando um homem em sua pens\u00e3o, por\u00e9m, n\u00e3o conseguia recordar o nome dele, a pedido da assistente social. Ela afirmou que por volta das 22 horas esse homem come\u00e7ou [&hellip;]<\/p>\n","protected":false},"author":2,"featured_media":14373,"comment_status":"open","ping_status":"open","sticky":false,"template":"","format":"standard","meta":{"footnotes":""},"categories":[2],"tags":[172],"class_list":["post-21189","post","type-post","status-publish","format-standard","has-post-thumbnail","hentry","category-policial","tag-featured"],"amp_enabled":true,"_links":{"self":[{"href":"https:\/\/radiostudiow.com.br\/site\/wp-json\/wp\/v2\/posts\/21189","targetHints":{"allow":["GET"]}}],"collection":[{"href":"https:\/\/radiostudiow.com.br\/site\/wp-json\/wp\/v2\/posts"}],"about":[{"href":"https:\/\/radiostudiow.com.br\/site\/wp-json\/wp\/v2\/types\/post"}],"author":[{"embeddable":true,"href":"https:\/\/radiostudiow.com.br\/site\/wp-json\/wp\/v2\/users\/2"}],"replies":[{"embeddable":true,"href":"https:\/\/radiostudiow.com.br\/site\/wp-json\/wp\/v2\/comments?post=21189"}],"version-history":[{"count":2,"href":"https:\/\/radiostudiow.com.br\/site\/wp-json\/wp\/v2\/posts\/21189\/revisions"}],"predecessor-version":[{"id":21223,"href":"https:\/\/radiostudiow.com.br\/site\/wp-json\/wp\/v2\/posts\/21189\/revisions\/21223"}],"wp:featuredmedia":[{"embeddable":true,"href":"https:\/\/radiostudiow.com.br\/site\/wp-json\/wp\/v2\/media\/14373"}],"wp:attachment":[{"href":"https:\/\/radiostudiow.com.br\/site\/wp-json\/wp\/v2\/media?parent=21189"}],"wp:term":[{"taxonomy":"category","embeddable":true,"href":"https:\/\/radiostudiow.com.br\/site\/wp-json\/wp\/v2\/categories?post=21189"},{"taxonomy":"post_tag","embeddable":true,"href":"https:\/\/radiostudiow.com.br\/site\/wp-json\/wp\/v2\/tags?post=21189"}],"curies":[{"name":"wp","href":"https:\/\/api.w.org\/{rel}","templated":true}]}}