{"id":21233,"date":"2024-04-06T09:21:47","date_gmt":"2024-04-06T12:21:47","guid":{"rendered":"https:\/\/radiostudiow.com.br\/site\/?p=21233"},"modified":"2025-01-31T14:59:28","modified_gmt":"2025-01-31T17:59:28","slug":"desaparecimento-da-escultura-do-monge-sao-joao-maria-deixa-moradores-indignados-em-cruz-machado","status":"publish","type":"post","link":"https:\/\/radiostudiow.com.br\/site\/2024\/04\/06\/desaparecimento-da-escultura-do-monge-sao-joao-maria-deixa-moradores-indignados-em-cruz-machado\/","title":{"rendered":"Desaparecimento da escultura do Monge S\u00e3o Jo\u00e3o Maria deixa moradores indignados em Cruz Machado"},"content":{"rendered":"\n<p>Moradores da comunidade de S\u00e3o Jos\u00e9 Pinare Odessa, interior de Cruz Machado foram surpreendidos pelo desaparecimento da imagem do Monge S\u00e3o Jo\u00e3o Maria que tem mais de um metro de altura e pesa mais de 100 kg, que ficava sempre localizada na gruta que foi feita pela comunidade.<\/p>\n\n\n\n<figure class=\"wp-block-image size-full\"><img decoding=\"async\" src=\"https:\/\/radiostudiow.com.br\/site\/wp-content\/uploads\/2024\/04\/image-13.png\" alt=\"\" class=\"wp-image-21257\"\/><\/figure>\n\n\n\n<p>A pe\u00e7a foi feita pelo escultor Itacir Bortolozzo, ela \u00e9 esculpida em madeira (imbuia), e foi constru\u00edda como um ponto de devo\u00e7\u00e3o e encontro espiritual para os moradores da regi\u00e3o.<\/p>\n\n\n\n<p>O desaparecimento repentino da imagem deixou os residentes indignados. Uma moradora, que reside pr\u00f3ximo ao local, expressou seu choque ao descobrir a aus\u00eancia da escultura enquanto se dirigia para acender velas como parte de sua pr\u00e1tica religiosa.<\/p>\n\n\n\n<figure class=\"wp-block-image size-full\"><img decoding=\"async\" src=\"https:\/\/radiostudiow.com.br\/site\/wp-content\/uploads\/2024\/04\/image-14.png\" alt=\"\" class=\"wp-image-21258\"\/><\/figure>\n\n\n\n<p>Diante dessa situa\u00e7\u00e3o desconcertante, os residentes fazem um apelo \u00e0 comunidade em busca de informa\u00e7\u00f5es. Eles pedem a colabora\u00e7\u00e3o de qualquer pessoa que possa ter visto algo suspeito ou tenha conhecimento sobre o paradeiro da gruta.<\/p>\n\n\n\n<p>O apelo \u00e9 direcionado especialmente \u00e0queles que possam ter testemunhado a venda da estrutura ou tenham informa\u00e7\u00f5es relevantes para ajudar a esclarecer o ocorrido.<\/p>\n","protected":false},"excerpt":{"rendered":"<p>Moradores da comunidade de S\u00e3o Jos\u00e9 Pinare Odessa, interior de Cruz Machado foram surpreendidos pelo desaparecimento da imagem do Monge S\u00e3o Jo\u00e3o Maria que tem mais de um metro de altura e pesa mais de 100 kg, que ficava sempre localizada na gruta que foi feita pela comunidade. A pe\u00e7a foi feita pelo escultor Itacir [&hellip;]<\/p>\n","protected":false},"author":2,"featured_media":21285,"comment_status":"open","ping_status":"open","sticky":false,"template":"","format":"standard","meta":{"footnotes":""},"categories":[2],"tags":[172],"class_list":["post-21233","post","type-post","status-publish","format-standard","has-post-thumbnail","hentry","category-policial","tag-featured"],"amp_enabled":true,"_links":{"self":[{"href":"https:\/\/radiostudiow.com.br\/site\/wp-json\/wp\/v2\/posts\/21233","targetHints":{"allow":["GET"]}}],"collection":[{"href":"https:\/\/radiostudiow.com.br\/site\/wp-json\/wp\/v2\/posts"}],"about":[{"href":"https:\/\/radiostudiow.com.br\/site\/wp-json\/wp\/v2\/types\/post"}],"author":[{"embeddable":true,"href":"https:\/\/radiostudiow.com.br\/site\/wp-json\/wp\/v2\/users\/2"}],"replies":[{"embeddable":true,"href":"https:\/\/radiostudiow.com.br\/site\/wp-json\/wp\/v2\/comments?post=21233"}],"version-history":[{"count":2,"href":"https:\/\/radiostudiow.com.br\/site\/wp-json\/wp\/v2\/posts\/21233\/revisions"}],"predecessor-version":[{"id":21259,"href":"https:\/\/radiostudiow.com.br\/site\/wp-json\/wp\/v2\/posts\/21233\/revisions\/21259"}],"wp:featuredmedia":[{"embeddable":true,"href":"https:\/\/radiostudiow.com.br\/site\/wp-json\/wp\/v2\/media\/21285"}],"wp:attachment":[{"href":"https:\/\/radiostudiow.com.br\/site\/wp-json\/wp\/v2\/media?parent=21233"}],"wp:term":[{"taxonomy":"category","embeddable":true,"href":"https:\/\/radiostudiow.com.br\/site\/wp-json\/wp\/v2\/categories?post=21233"},{"taxonomy":"post_tag","embeddable":true,"href":"https:\/\/radiostudiow.com.br\/site\/wp-json\/wp\/v2\/tags?post=21233"}],"curies":[{"name":"wp","href":"https:\/\/api.w.org\/{rel}","templated":true}]}}