{"id":21237,"date":"2024-04-05T10:45:09","date_gmt":"2024-04-05T13:45:09","guid":{"rendered":"https:\/\/radiostudiow.com.br\/site\/?p=21237"},"modified":"2025-01-31T14:59:28","modified_gmt":"2025-01-31T17:59:28","slug":"operacao-policial-combate-trafico-de-drogas-em-uniao-da-vitoria","status":"publish","type":"post","link":"https:\/\/radiostudiow.com.br\/site\/2024\/04\/05\/operacao-policial-combate-trafico-de-drogas-em-uniao-da-vitoria\/","title":{"rendered":"Opera\u00e7\u00e3o policial combate tr\u00e1fico de drogas em Uni\u00e3o da Vit\u00f3ria"},"content":{"rendered":"\n<p>A Pol\u00edcia Militar deflagrou uma opera\u00e7\u00e3o de combate ao crime de tr\u00e1fico de drogas. A opera\u00e7\u00e3o aconteceu durante a tarde dessa quinta-feira, dia 04 de abril, na \u00e1rea central de Uni\u00e3o da Vit\u00f3ria.<\/p>\n\n\n\n<figure class=\"wp-block-image size-full\"><img decoding=\"async\" src=\"https:\/\/radiostudiow.com.br\/site\/wp-content\/uploads\/2024\/04\/image-11.png\" alt=\"\" class=\"wp-image-21239\"\/><\/figure>\n\n\n\n<p>Conforme divulgado, foram cumpridos mandados de buscas e em um estabelecimento comercial e em uma resid\u00eancia foram encontradas por\u00e7\u00f5es de crack, por\u00e7\u00f5es de coca\u00edna e tamb\u00e9m uma arma de fogo artesanal.<\/p>\n\n\n\n<p>Todo o material il\u00edcito que foi encontrado foi apreendido e encaminhado para a delegacia, assim como todas as pessoas envolvidas na situa\u00e7\u00e3o que foram abordadas.<\/p>\n","protected":false},"excerpt":{"rendered":"<p>A Pol\u00edcia Militar deflagrou uma opera\u00e7\u00e3o de combate ao crime de tr\u00e1fico de drogas. A opera\u00e7\u00e3o aconteceu durante a tarde dessa quinta-feira, dia 04 de abril, na \u00e1rea central de Uni\u00e3o da Vit\u00f3ria. Conforme divulgado, foram cumpridos mandados de buscas e em um estabelecimento comercial e em uma resid\u00eancia foram encontradas por\u00e7\u00f5es de crack, por\u00e7\u00f5es [&hellip;]<\/p>\n","protected":false},"author":2,"featured_media":21238,"comment_status":"open","ping_status":"open","sticky":false,"template":"","format":"standard","meta":{"footnotes":""},"categories":[2],"tags":[172],"class_list":["post-21237","post","type-post","status-publish","format-standard","has-post-thumbnail","hentry","category-policial","tag-featured"],"amp_enabled":true,"_links":{"self":[{"href":"https:\/\/radiostudiow.com.br\/site\/wp-json\/wp\/v2\/posts\/21237","targetHints":{"allow":["GET"]}}],"collection":[{"href":"https:\/\/radiostudiow.com.br\/site\/wp-json\/wp\/v2\/posts"}],"about":[{"href":"https:\/\/radiostudiow.com.br\/site\/wp-json\/wp\/v2\/types\/post"}],"author":[{"embeddable":true,"href":"https:\/\/radiostudiow.com.br\/site\/wp-json\/wp\/v2\/users\/2"}],"replies":[{"embeddable":true,"href":"https:\/\/radiostudiow.com.br\/site\/wp-json\/wp\/v2\/comments?post=21237"}],"version-history":[{"count":1,"href":"https:\/\/radiostudiow.com.br\/site\/wp-json\/wp\/v2\/posts\/21237\/revisions"}],"predecessor-version":[{"id":21240,"href":"https:\/\/radiostudiow.com.br\/site\/wp-json\/wp\/v2\/posts\/21237\/revisions\/21240"}],"wp:featuredmedia":[{"embeddable":true,"href":"https:\/\/radiostudiow.com.br\/site\/wp-json\/wp\/v2\/media\/21238"}],"wp:attachment":[{"href":"https:\/\/radiostudiow.com.br\/site\/wp-json\/wp\/v2\/media?parent=21237"}],"wp:term":[{"taxonomy":"category","embeddable":true,"href":"https:\/\/radiostudiow.com.br\/site\/wp-json\/wp\/v2\/categories?post=21237"},{"taxonomy":"post_tag","embeddable":true,"href":"https:\/\/radiostudiow.com.br\/site\/wp-json\/wp\/v2\/tags?post=21237"}],"curies":[{"name":"wp","href":"https:\/\/api.w.org\/{rel}","templated":true}]}}