{"id":21241,"date":"2024-04-06T09:06:51","date_gmt":"2024-04-06T12:06:51","guid":{"rendered":"https:\/\/radiostudiow.com.br\/site\/?p=21241"},"modified":"2025-01-31T14:59:28","modified_gmt":"2025-01-31T17:59:28","slug":"homem-e-morto-a-tiros-e-golpes-de-facao-em-uniao-da-vitoria","status":"publish","type":"post","link":"https:\/\/radiostudiow.com.br\/site\/2024\/04\/06\/homem-e-morto-a-tiros-e-golpes-de-facao-em-uniao-da-vitoria\/","title":{"rendered":"Homem \u00e9 morto \u00e0 tiros e golpes de fac\u00e3o em Uni\u00e3o da Vit\u00f3ria"},"content":{"rendered":"\n<p>A equipe da Pol\u00edcia Militar de Uni\u00e3o da Vit\u00f3ria foi acionada via SADE ap\u00f3s um homem ser morto a tiros e golpes de fac\u00e3o \u00e0s 19 horas desta quinta-feira, 04 de abril, no bairro Rio D\u2019Areia em Uni\u00e3o da Vit\u00f3ria.<\/p>\n\n\n\n<p>A v\u00edtima at\u00e9 o momento n\u00e3o teve a identifica\u00e7\u00e3o divulgada.<\/p>\n\n\n\n<figure class=\"wp-block-image size-full\"><img loading=\"lazy\" decoding=\"async\" width=\"300\" height=\"180\" src=\"https:\/\/radiostudiow.com.br\/site\/wp-content\/uploads\/2024\/04\/image-26.png\" alt=\"\" class=\"wp-image-21279\"\/><\/figure>\n\n\n\n<p>Conforme informa\u00e7\u00f5es do relat\u00f3rio policial, no local testemunhas afirmaram que haviam dois homens armados, um com fac\u00e3o e outro com uma arma de fogo e estavam agredindo e correndo atr\u00e1s de um terceiro homem. N\u00e3o souberam identificar os envolvidos.<\/p>\n\n\n\n<p>Em determinado momento ouviram disparos de arma de fogo, logo em seguida os dois autores fugiram em um ve\u00edculo tomando rumo ignorado.<\/p>\n\n\n\n<figure class=\"wp-block-image size-full\"><img loading=\"lazy\" decoding=\"async\" width=\"590\" height=\"204\" src=\"https:\/\/radiostudiow.com.br\/site\/wp-content\/uploads\/2024\/04\/image-27.png\" alt=\"\" class=\"wp-image-21280\" srcset=\"https:\/\/radiostudiow.com.br\/site\/wp-content\/uploads\/2024\/04\/image-27.png 590w, https:\/\/radiostudiow.com.br\/site\/wp-content\/uploads\/2024\/04\/image-27-300x104.png 300w\" sizes=\"auto, (max-width: 590px) 100vw, 590px\" \/><\/figure>\n\n\n\n<p>A v\u00edtima chegou a ser socorrida e encaminhada para o hospital APMI, no entanto, n\u00e3o resistiu aos graves ferimentos e entrou em \u00f3bito. O corpo foi encaminhado ao Instituto M\u00e9dico Legal \u2013 IML.<\/p>\n\n\n\n<p>At\u00e9 o momento n\u00e3o foi poss\u00edvel lograr \u00eaxito em encontrar os autores. O caso ser\u00e1 investigado.<\/p>\n","protected":false},"excerpt":{"rendered":"<p>A equipe da Pol\u00edcia Militar de Uni\u00e3o da Vit\u00f3ria foi acionada via SADE ap\u00f3s um homem ser morto a tiros e golpes de fac\u00e3o \u00e0s 19 horas desta quinta-feira, 04 de abril, no bairro Rio D\u2019Areia em Uni\u00e3o da Vit\u00f3ria. A v\u00edtima at\u00e9 o momento n\u00e3o teve a identifica\u00e7\u00e3o divulgada. Conforme informa\u00e7\u00f5es do relat\u00f3rio policial, [&hellip;]<\/p>\n","protected":false},"author":2,"featured_media":19964,"comment_status":"open","ping_status":"open","sticky":false,"template":"","format":"standard","meta":{"footnotes":""},"categories":[2],"tags":[172],"class_list":["post-21241","post","type-post","status-publish","format-standard","has-post-thumbnail","hentry","category-policial","tag-featured"],"amp_enabled":true,"_links":{"self":[{"href":"https:\/\/radiostudiow.com.br\/site\/wp-json\/wp\/v2\/posts\/21241","targetHints":{"allow":["GET"]}}],"collection":[{"href":"https:\/\/radiostudiow.com.br\/site\/wp-json\/wp\/v2\/posts"}],"about":[{"href":"https:\/\/radiostudiow.com.br\/site\/wp-json\/wp\/v2\/types\/post"}],"author":[{"embeddable":true,"href":"https:\/\/radiostudiow.com.br\/site\/wp-json\/wp\/v2\/users\/2"}],"replies":[{"embeddable":true,"href":"https:\/\/radiostudiow.com.br\/site\/wp-json\/wp\/v2\/comments?post=21241"}],"version-history":[{"count":4,"href":"https:\/\/radiostudiow.com.br\/site\/wp-json\/wp\/v2\/posts\/21241\/revisions"}],"predecessor-version":[{"id":21281,"href":"https:\/\/radiostudiow.com.br\/site\/wp-json\/wp\/v2\/posts\/21241\/revisions\/21281"}],"wp:featuredmedia":[{"embeddable":true,"href":"https:\/\/radiostudiow.com.br\/site\/wp-json\/wp\/v2\/media\/19964"}],"wp:attachment":[{"href":"https:\/\/radiostudiow.com.br\/site\/wp-json\/wp\/v2\/media?parent=21241"}],"wp:term":[{"taxonomy":"category","embeddable":true,"href":"https:\/\/radiostudiow.com.br\/site\/wp-json\/wp\/v2\/categories?post=21241"},{"taxonomy":"post_tag","embeddable":true,"href":"https:\/\/radiostudiow.com.br\/site\/wp-json\/wp\/v2\/tags?post=21241"}],"curies":[{"name":"wp","href":"https:\/\/api.w.org\/{rel}","templated":true}]}}