{"id":21243,"date":"2024-04-06T08:51:35","date_gmt":"2024-04-06T11:51:35","guid":{"rendered":"https:\/\/radiostudiow.com.br\/site\/?p=21243"},"modified":"2025-01-31T14:59:28","modified_gmt":"2025-01-31T17:59:28","slug":"homem-usa-faca-para-ameacar-a-propria-mae-em-uniao-da-vitoria","status":"publish","type":"post","link":"https:\/\/radiostudiow.com.br\/site\/2024\/04\/06\/homem-usa-faca-para-ameacar-a-propria-mae-em-uniao-da-vitoria\/","title":{"rendered":"Homem usa faca para amea\u00e7ar a pr\u00f3pria m\u00e3e em Uni\u00e3o da Vit\u00f3ria"},"content":{"rendered":"\n<p>Um caso de viol\u00eancia dom\u00e9stica mobilizou a Pol\u00edcia Militar do 27\u00ba Batalh\u00e3o por volta das 19:15 horas dessa quinta-feira, 04 de abril, no bairro Cristo Rei em Uni\u00e3o da Vit\u00f3ria.<\/p>\n\n\n\n<figure class=\"wp-block-image size-full\"><img decoding=\"async\" src=\"https:\/\/radiostudiow.com.br\/site\/wp-content\/uploads\/2024\/04\/image-25.png\" alt=\"\" class=\"wp-image-21274\"\/><\/figure>\n\n\n\n<p>Conforme informa\u00e7\u00f5es, um homem pegou uma faca e fez amea\u00e7as para a pr\u00f3pria m\u00e3e, vindo a provocar uma les\u00e3o na v\u00edtima, atingindo seu bra\u00e7o. Ele foi contido por familiares que lhe desarmaram e fugiu tomando rumo ignorado.<\/p>\n\n\n\n<p>A Pol\u00edcia Militar foi at\u00e9 o local e confeccionou o boletim de ocorr\u00eancias. Tamb\u00e9m foi realizado buscas a fim de localizar o autor, por\u00e9m, sem sucesso. A v\u00edtima foi orientada quanto aos procedimentos.<\/p>\n","protected":false},"excerpt":{"rendered":"<p>Um caso de viol\u00eancia dom\u00e9stica mobilizou a Pol\u00edcia Militar do 27\u00ba Batalh\u00e3o por volta das 19:15 horas dessa quinta-feira, 04 de abril, no bairro Cristo Rei em Uni\u00e3o da Vit\u00f3ria. Conforme informa\u00e7\u00f5es, um homem pegou uma faca e fez amea\u00e7as para a pr\u00f3pria m\u00e3e, vindo a provocar uma les\u00e3o na v\u00edtima, atingindo seu bra\u00e7o. Ele [&hellip;]<\/p>\n","protected":false},"author":2,"featured_media":14232,"comment_status":"open","ping_status":"open","sticky":false,"template":"","format":"standard","meta":{"footnotes":""},"categories":[2],"tags":[172],"class_list":["post-21243","post","type-post","status-publish","format-standard","has-post-thumbnail","hentry","category-policial","tag-featured"],"amp_enabled":true,"_links":{"self":[{"href":"https:\/\/radiostudiow.com.br\/site\/wp-json\/wp\/v2\/posts\/21243","targetHints":{"allow":["GET"]}}],"collection":[{"href":"https:\/\/radiostudiow.com.br\/site\/wp-json\/wp\/v2\/posts"}],"about":[{"href":"https:\/\/radiostudiow.com.br\/site\/wp-json\/wp\/v2\/types\/post"}],"author":[{"embeddable":true,"href":"https:\/\/radiostudiow.com.br\/site\/wp-json\/wp\/v2\/users\/2"}],"replies":[{"embeddable":true,"href":"https:\/\/radiostudiow.com.br\/site\/wp-json\/wp\/v2\/comments?post=21243"}],"version-history":[{"count":2,"href":"https:\/\/radiostudiow.com.br\/site\/wp-json\/wp\/v2\/posts\/21243\/revisions"}],"predecessor-version":[{"id":21275,"href":"https:\/\/radiostudiow.com.br\/site\/wp-json\/wp\/v2\/posts\/21243\/revisions\/21275"}],"wp:featuredmedia":[{"embeddable":true,"href":"https:\/\/radiostudiow.com.br\/site\/wp-json\/wp\/v2\/media\/14232"}],"wp:attachment":[{"href":"https:\/\/radiostudiow.com.br\/site\/wp-json\/wp\/v2\/media?parent=21243"}],"wp:term":[{"taxonomy":"category","embeddable":true,"href":"https:\/\/radiostudiow.com.br\/site\/wp-json\/wp\/v2\/categories?post=21243"},{"taxonomy":"post_tag","embeddable":true,"href":"https:\/\/radiostudiow.com.br\/site\/wp-json\/wp\/v2\/tags?post=21243"}],"curies":[{"name":"wp","href":"https:\/\/api.w.org\/{rel}","templated":true}]}}