{"id":21245,"date":"2024-04-06T09:15:24","date_gmt":"2024-04-06T12:15:24","guid":{"rendered":"https:\/\/radiostudiow.com.br\/site\/?p=21245"},"modified":"2025-01-31T14:59:28","modified_gmt":"2025-01-31T17:59:28","slug":"policia-militar-e-acionada-apos-discucao-e-entre-moradores-da-area-rural-de-paula-freitas","status":"publish","type":"post","link":"https:\/\/radiostudiow.com.br\/site\/2024\/04\/06\/policia-militar-e-acionada-apos-discucao-e-entre-moradores-da-area-rural-de-paula-freitas\/","title":{"rendered":"Pol\u00edcia Militar \u00e9 acionada ap\u00f3s discu\u00e7\u00e3o e entre moradores da \u00e1rea rural de Paula Freitas"},"content":{"rendered":"\n<p>A equipe da Pol\u00edcia Militar de Paula Freitas foi acionada para se deslocar at\u00e9 a Col\u00f4nia Carazinho por volta das 11:45 horas dessa quinta-feira, 04 de abril, para averiguar uma situa\u00e7\u00e3o de amea\u00e7a.<\/p>\n\n\n\n<figure class=\"wp-block-image size-full\"><img decoding=\"async\" src=\"https:\/\/radiostudiow.com.br\/site\/wp-content\/uploads\/2024\/04\/image-28.png\" alt=\"\" class=\"wp-image-21282\"\/><\/figure>\n\n\n\n<p>Os policiais se deslocaram at\u00e9 o local, pr\u00f3ximo a BR-476, onde se encontravam as partes em discuss\u00e3o. Em conversa, os envolvidos explicaram que tem desaven\u00e7as antigas e que um dos senhores precisava entrar em seu terreno por um acesso da rodovia que pertence ao DNIT.<\/p>\n\n\n\n<p>Por outro lado, este acesso fica em frente ao terreno do outro envolvido, o qual disse que n\u00e3o cederia passagem ao menos que houvesse ordem Judicial ou outro documento comprovando o direito do homem passar pelo seu terreno.<\/p>\n\n\n\n<figure class=\"wp-block-image size-full\"><img loading=\"lazy\" decoding=\"async\" width=\"598\" height=\"204\" src=\"https:\/\/radiostudiow.com.br\/site\/wp-content\/uploads\/2024\/04\/image-29.png\" alt=\"\" class=\"wp-image-21283\" srcset=\"https:\/\/radiostudiow.com.br\/site\/wp-content\/uploads\/2024\/04\/image-29.png 598w, https:\/\/radiostudiow.com.br\/site\/wp-content\/uploads\/2024\/04\/image-29-300x102.png 300w\" sizes=\"auto, (max-width: 598px) 100vw, 598px\" \/><\/figure>\n\n\n\n<p>A equipe policial ent\u00e3o orientou as partes dos procedimentos cab\u00edveis, os quais cessar\u00e3o as amea\u00e7as e discuss\u00f5es e se comprometeram a resolver judicialmente, visto que n\u00e3o h\u00e1 possibilidade de acordo.<\/p>\n","protected":false},"excerpt":{"rendered":"<p>A equipe da Pol\u00edcia Militar de Paula Freitas foi acionada para se deslocar at\u00e9 a Col\u00f4nia Carazinho por volta das 11:45 horas dessa quinta-feira, 04 de abril, para averiguar uma situa\u00e7\u00e3o de amea\u00e7a. Os policiais se deslocaram at\u00e9 o local, pr\u00f3ximo a BR-476, onde se encontravam as partes em discuss\u00e3o. Em conversa, os envolvidos explicaram [&hellip;]<\/p>\n","protected":false},"author":2,"featured_media":15416,"comment_status":"open","ping_status":"open","sticky":false,"template":"","format":"standard","meta":{"footnotes":""},"categories":[2],"tags":[172],"class_list":["post-21245","post","type-post","status-publish","format-standard","has-post-thumbnail","hentry","category-policial","tag-featured"],"amp_enabled":true,"_links":{"self":[{"href":"https:\/\/radiostudiow.com.br\/site\/wp-json\/wp\/v2\/posts\/21245","targetHints":{"allow":["GET"]}}],"collection":[{"href":"https:\/\/radiostudiow.com.br\/site\/wp-json\/wp\/v2\/posts"}],"about":[{"href":"https:\/\/radiostudiow.com.br\/site\/wp-json\/wp\/v2\/types\/post"}],"author":[{"embeddable":true,"href":"https:\/\/radiostudiow.com.br\/site\/wp-json\/wp\/v2\/users\/2"}],"replies":[{"embeddable":true,"href":"https:\/\/radiostudiow.com.br\/site\/wp-json\/wp\/v2\/comments?post=21245"}],"version-history":[{"count":4,"href":"https:\/\/radiostudiow.com.br\/site\/wp-json\/wp\/v2\/posts\/21245\/revisions"}],"predecessor-version":[{"id":21284,"href":"https:\/\/radiostudiow.com.br\/site\/wp-json\/wp\/v2\/posts\/21245\/revisions\/21284"}],"wp:featuredmedia":[{"embeddable":true,"href":"https:\/\/radiostudiow.com.br\/site\/wp-json\/wp\/v2\/media\/15416"}],"wp:attachment":[{"href":"https:\/\/radiostudiow.com.br\/site\/wp-json\/wp\/v2\/media?parent=21245"}],"wp:term":[{"taxonomy":"category","embeddable":true,"href":"https:\/\/radiostudiow.com.br\/site\/wp-json\/wp\/v2\/categories?post=21245"},{"taxonomy":"post_tag","embeddable":true,"href":"https:\/\/radiostudiow.com.br\/site\/wp-json\/wp\/v2\/tags?post=21245"}],"curies":[{"name":"wp","href":"https:\/\/api.w.org\/{rel}","templated":true}]}}