{"id":21260,"date":"2024-04-06T08:48:23","date_gmt":"2024-04-06T11:48:23","guid":{"rendered":"https:\/\/radiostudiow.com.br\/site\/?p=21260"},"modified":"2025-01-31T14:59:28","modified_gmt":"2025-01-31T17:59:28","slug":"homem-e-preso-em-flagrante-com-260kg-de-maconha-em-irati","status":"publish","type":"post","link":"https:\/\/radiostudiow.com.br\/site\/2024\/04\/06\/homem-e-preso-em-flagrante-com-260kg-de-maconha-em-irati\/","title":{"rendered":"Homem \u00e9 preso em flagrante com 260kg de maconha em Irati"},"content":{"rendered":"\n<p><\/p>\n\n\n\n<p>Um homem de 41 anos foi preso em flagrante pela\u00a0Pol\u00edcia Rodovi\u00e1ria Federal (PRF), por tr\u00e1fico de drogas em Irati por volta das 06 horas da manh\u00e3 desta sexta-feira (5).<\/p>\n\n\n\n<figure class=\"wp-block-image size-full\"><img decoding=\"async\" src=\"https:\/\/radiostudiow.com.br\/site\/wp-content\/uploads\/2024\/04\/image-22.png\" alt=\"\" class=\"wp-image-21269\"\/><\/figure>\n\n\n\n<p>De acordo com os oficiais, durante uma fiscaliza\u00e7\u00e3o na BR-277, foi dada ordem de parada ao ve\u00edculo Nivus HL TSI. No entanto, o condutor n\u00e3o obedeceu de imediato e a pol\u00edcia precisou ordenar diversas vezes para que o ve\u00edculo parasse.&nbsp;<\/p>\n\n\n\n<p>Os agentes relataram que o motorista estava nervoso e logo perceberam que vinha um forte cheiro de maconha do interior do ve\u00edculo. A PRF confirmou que tabletes da droga estavam expostos no banco traseiro do carro. Diante disso, foi solicitado ao condutor que o mesmo desembarcasse do ve\u00edculo. Ao abrirem o porta-malas, encontraram expressiva quantidade de maconha, resultando em 260kg da droga.<\/p>\n\n\n\n<figure class=\"wp-block-image size-full\"><img decoding=\"async\" src=\"https:\/\/radiostudiow.com.br\/site\/wp-content\/uploads\/2024\/04\/image-24.png\" alt=\"\" class=\"wp-image-21270\"\/><\/figure>\n\n\n\n<p>Dessa forma, o homem foi preso pelo crime de tr\u00e1fico de drogas e foi encaminhado \u00e0 delegacia da Pol\u00edcia Civil de Irati.&nbsp;<\/p>\n\n\n\n<p><em>Fonte: a Rede<\/em><\/p>\n","protected":false},"excerpt":{"rendered":"<p>Um homem de 41 anos foi preso em flagrante pela\u00a0Pol\u00edcia Rodovi\u00e1ria Federal (PRF), por tr\u00e1fico de drogas em Irati por volta das 06 horas da manh\u00e3 desta sexta-feira (5). De acordo com os oficiais, durante uma fiscaliza\u00e7\u00e3o na BR-277, foi dada ordem de parada ao ve\u00edculo Nivus HL TSI. No entanto, o condutor n\u00e3o obedeceu [&hellip;]<\/p>\n","protected":false},"author":2,"featured_media":21271,"comment_status":"open","ping_status":"open","sticky":false,"template":"","format":"standard","meta":{"footnotes":""},"categories":[2],"tags":[172],"class_list":["post-21260","post","type-post","status-publish","format-standard","has-post-thumbnail","hentry","category-policial","tag-featured"],"amp_enabled":true,"_links":{"self":[{"href":"https:\/\/radiostudiow.com.br\/site\/wp-json\/wp\/v2\/posts\/21260","targetHints":{"allow":["GET"]}}],"collection":[{"href":"https:\/\/radiostudiow.com.br\/site\/wp-json\/wp\/v2\/posts"}],"about":[{"href":"https:\/\/radiostudiow.com.br\/site\/wp-json\/wp\/v2\/types\/post"}],"author":[{"embeddable":true,"href":"https:\/\/radiostudiow.com.br\/site\/wp-json\/wp\/v2\/users\/2"}],"replies":[{"embeddable":true,"href":"https:\/\/radiostudiow.com.br\/site\/wp-json\/wp\/v2\/comments?post=21260"}],"version-history":[{"count":1,"href":"https:\/\/radiostudiow.com.br\/site\/wp-json\/wp\/v2\/posts\/21260\/revisions"}],"predecessor-version":[{"id":21272,"href":"https:\/\/radiostudiow.com.br\/site\/wp-json\/wp\/v2\/posts\/21260\/revisions\/21272"}],"wp:featuredmedia":[{"embeddable":true,"href":"https:\/\/radiostudiow.com.br\/site\/wp-json\/wp\/v2\/media\/21271"}],"wp:attachment":[{"href":"https:\/\/radiostudiow.com.br\/site\/wp-json\/wp\/v2\/media?parent=21260"}],"wp:term":[{"taxonomy":"category","embeddable":true,"href":"https:\/\/radiostudiow.com.br\/site\/wp-json\/wp\/v2\/categories?post=21260"},{"taxonomy":"post_tag","embeddable":true,"href":"https:\/\/radiostudiow.com.br\/site\/wp-json\/wp\/v2\/tags?post=21260"}],"curies":[{"name":"wp","href":"https:\/\/api.w.org\/{rel}","templated":true}]}}