{"id":21261,"date":"2024-04-06T08:30:16","date_gmt":"2024-04-06T11:30:16","guid":{"rendered":"https:\/\/radiostudiow.com.br\/site\/?p=21261"},"modified":"2025-01-31T14:59:28","modified_gmt":"2025-01-31T17:59:28","slug":"operacao-quaresma-ii-aplica-r-12-milhao-em-multas-por-crimes-ambientais","status":"publish","type":"post","link":"https:\/\/radiostudiow.com.br\/site\/2024\/04\/06\/operacao-quaresma-ii-aplica-r-12-milhao-em-multas-por-crimes-ambientais\/","title":{"rendered":"Opera\u00e7\u00e3o Quaresma II, aplica R$ 1,2 milh\u00e3o em multas por crimes ambientais"},"content":{"rendered":"\n<p>O Instituto \u00c1gua e Terra (IAT) finalizou nesta sexta-feira (5) o relat\u00f3rio de atividades referente \u00e0 Opera\u00e7\u00e3o Quaresma II. A a\u00e7\u00e3o ocorreu em 13 munic\u00edpios do Paran\u00e1 das regi\u00f5es Sul e Sudeste entre os dias 21 e 28 de mar\u00e7o, pr\u00f3ximo ao feriado da P\u00e1scoa, e buscou combater a pesca predat\u00f3ria e o uso de equipamentos proibidos, de acordo com a Portaria IAT n\u00ba 219\/2022.<\/p>\n\n\n\n<p>Al\u00e9m disso, com o apoio de embarca\u00e7\u00f5es e aeronave, foram fiscalizados focos de ca\u00e7a \u00e0 fauna silvestre e de supress\u00e3o de vegeta\u00e7\u00e3o nativa em \u00e1rea de preserva\u00e7\u00e3o permanente. Ao todo, houve a lavratura de 25 notifica\u00e7\u00f5es e 16 Autos de Infra\u00e7\u00e3o Ambiental (AIA), com a aplica\u00e7\u00e3o de R$ 1.214.520,00 em multas.<\/p>\n\n\n\n<figure class=\"wp-block-image size-large\"><img decoding=\"async\" src=\"https:\/\/radiostudiow.com.br\/site\/wp-content\/uploads\/2024\/04\/image-20-1024x1000.png\" alt=\"\" class=\"wp-image-21262\"\/><\/figure>\n\n\n\n<p>De acordo com o levantamento, foram abordadas 97 embarca\u00e7\u00f5es de pescadores amadores para verifica\u00e7\u00e3o da carteira profissional ou amador, tamanho e quantidade dos peixes capturados e os equipamentos utilizados.<\/p>\n\n\n\n<p>Entre os materiais apreendidos e recolhidos por estarem fora da legisla\u00e7\u00e3o h\u00e1 3,4 mil metros de redes de malhas diversas, 300 metros de espinheis, 73 anz\u00f3is de galhos, 2 varas com molinetes, 62 gal\u00f5es de seva e gal\u00f5es de apoito que se encontravam no leito do rio, 6 tarrafas de malhas e tamanhos diversos e uma serraria m\u00f3vel.<\/p>\n\n\n\n<figure class=\"wp-block-image size-full\"><img loading=\"lazy\" decoding=\"async\" width=\"888\" height=\"628\" src=\"https:\/\/radiostudiow.com.br\/site\/wp-content\/uploads\/2024\/04\/03-1.jpeg\" alt=\"\" class=\"wp-image-21264\" srcset=\"https:\/\/radiostudiow.com.br\/site\/wp-content\/uploads\/2024\/04\/03-1.jpeg 888w, https:\/\/radiostudiow.com.br\/site\/wp-content\/uploads\/2024\/04\/03-1-300x212.jpeg 300w, https:\/\/radiostudiow.com.br\/site\/wp-content\/uploads\/2024\/04\/03-1-768x543.jpeg 768w\" sizes=\"auto, (max-width: 888px) 100vw, 888px\" \/><\/figure>\n\n\n\n<p>Al\u00e9m da quest\u00e3o dos peixes, a opera\u00e7\u00e3o atuou em alertas de desmatamento ilegal. Foram identificados 119,6 hectares de supress\u00e3o de vegeta\u00e7\u00e3o em est\u00e1gio m\u00e9dio; 19,3 hectares em est\u00e1gio inicial; 13,8 hectares de \u00e1rea de preserva\u00e7\u00e3o permanente, al\u00e9m do corte de 149 arauc\u00e1rias, esp\u00e9cie que corre risco de extin\u00e7\u00e3o. Houve, ainda, fiscaliza\u00e7\u00e3o de serrarias m\u00f3veis, fornos de carv\u00e3o e de constru\u00e7\u00f5es irregulares.<\/p>\n\n\n\n<p>A opera\u00e7\u00e3o ocorreu nos seguintes munic\u00edpios: Ant\u00f4nio Olinto, S\u00e3o Mateus do Sul, Paula Freitas, Paulo Frontin, Mallet, Rebou\u00e7as, Bituruna, Rio Azul, General Carneiro, Pinh\u00e3o, Coronel Domingos Soares, Reserva do Igua\u00e7u e Mangueirinha. Os rios de abrang\u00eancia foram o Igua\u00e7u, Potinga, Claro, Jangada, Negro e da Areia, al\u00e9m das represas do Foz da Areia e Salto Segredo.<\/p>\n\n\n\n<p><img decoding=\"async\" src=\"https:\/\/scontent.fxap4-1.fna.fbcdn.net\/v\/t39.30808-6\/434199631_883439773792920_8844398904394093716_n.jpg?_nc_cat=107&amp;ccb=1-7&amp;_nc_sid=5f2048&amp;_nc_eui2=AeG_L814Y-BMJ33I-5lUwzvQD-YQjrCsVscP5hCOsKxWxz9v2TnMssJ5JfnPoL1Ojk7AcOhuLnLTMlaZ4A5emwVk&amp;_nc_ohc=fEQVBpQi3xEAb5_ZR9y&amp;_nc_ht=scontent.fxap4-1.fna&amp;oh=00_AfBbKaNwJOkRiqgn-mtaRdFTYkN0m1PBE3R7p5MGwwp7Yw&amp;oe=6616ED05\" alt=\"Pode ser uma imagem de 1 pessoa e texto que diz &quot;LABIRADicas para parasuasa\u00fade sua sa\u00fade Vita B nas Dificuldade em emagrecer Como est\u00e3o suas vitaminas? B6:Ajuda a desinchar, transformar alimentos em juda energia regula humor B9: Regula humor, ansiedade, fadiga vontade de carboidratos hsNahorni Lewandowski B12: Regula mem\u00f3ria, energia mental f\u00edsica, fundamental para metabolismo Rua Major Estev\u00e3o 208 C\u201dntro Mallet PR em frente antiga prefeitura 3542 1001&quot;\"><\/p>\n\n\n\n<p>COMO AJUDAR \u2013 A den\u00fancia \u00e9 a melhor forma de contribuir para minimizar cada vez mais os crimes contra a flora e a fauna silvestres. O principal canal do Batalh\u00e3o Ambiental \u00e9 o Disque-Den\u00fancia 181, o qual possibilita que seja feita uma an\u00e1lise e verifica\u00e7\u00e3o in loco de todas as informa\u00e7\u00f5es recebidas do cidad\u00e3o.<\/p>\n\n\n\n<p>No IAT, a den\u00fancia deve ser registrada junto ao servi\u00e7o de Ouvidoria, dispon\u00edvel no Fale Conosco, ou nos escrit\u00f3rios regionais. \u00c9 importante informar a localiza\u00e7\u00e3o e os acontecimentos de forma objetiva e precisa. Quanto mais detalhes sobre a ocorr\u00eancia, melhor ser\u00e1 a apura\u00e7\u00e3o dos fatos e mais rapidamente as equipes conseguem realizar o atendimento.<\/p>\n\n\n\n<p>Fonte: VVALE<\/p>\n","protected":false},"excerpt":{"rendered":"<p>O Instituto \u00c1gua e Terra (IAT) finalizou nesta sexta-feira (5) o relat\u00f3rio de atividades referente \u00e0 Opera\u00e7\u00e3o Quaresma II. A a\u00e7\u00e3o ocorreu em 13 munic\u00edpios do Paran\u00e1 das regi\u00f5es Sul e Sudeste entre os dias 21 e 28 de mar\u00e7o, pr\u00f3ximo ao feriado da P\u00e1scoa, e buscou combater a pesca predat\u00f3ria e o uso de [&hellip;]<\/p>\n","protected":false},"author":2,"featured_media":21263,"comment_status":"open","ping_status":"open","sticky":false,"template":"","format":"standard","meta":{"footnotes":""},"categories":[2],"tags":[172],"class_list":["post-21261","post","type-post","status-publish","format-standard","has-post-thumbnail","hentry","category-policial","tag-featured"],"amp_enabled":true,"_links":{"self":[{"href":"https:\/\/radiostudiow.com.br\/site\/wp-json\/wp\/v2\/posts\/21261","targetHints":{"allow":["GET"]}}],"collection":[{"href":"https:\/\/radiostudiow.com.br\/site\/wp-json\/wp\/v2\/posts"}],"about":[{"href":"https:\/\/radiostudiow.com.br\/site\/wp-json\/wp\/v2\/types\/post"}],"author":[{"embeddable":true,"href":"https:\/\/radiostudiow.com.br\/site\/wp-json\/wp\/v2\/users\/2"}],"replies":[{"embeddable":true,"href":"https:\/\/radiostudiow.com.br\/site\/wp-json\/wp\/v2\/comments?post=21261"}],"version-history":[{"count":1,"href":"https:\/\/radiostudiow.com.br\/site\/wp-json\/wp\/v2\/posts\/21261\/revisions"}],"predecessor-version":[{"id":21265,"href":"https:\/\/radiostudiow.com.br\/site\/wp-json\/wp\/v2\/posts\/21261\/revisions\/21265"}],"wp:featuredmedia":[{"embeddable":true,"href":"https:\/\/radiostudiow.com.br\/site\/wp-json\/wp\/v2\/media\/21263"}],"wp:attachment":[{"href":"https:\/\/radiostudiow.com.br\/site\/wp-json\/wp\/v2\/media?parent=21261"}],"wp:term":[{"taxonomy":"category","embeddable":true,"href":"https:\/\/radiostudiow.com.br\/site\/wp-json\/wp\/v2\/categories?post=21261"},{"taxonomy":"post_tag","embeddable":true,"href":"https:\/\/radiostudiow.com.br\/site\/wp-json\/wp\/v2\/tags?post=21261"}],"curies":[{"name":"wp","href":"https:\/\/api.w.org\/{rel}","templated":true}]}}