{"id":21293,"date":"2024-04-06T11:03:55","date_gmt":"2024-04-06T14:03:55","guid":{"rendered":"https:\/\/radiostudiow.com.br\/site\/?p=21293"},"modified":"2025-01-31T14:59:28","modified_gmt":"2025-01-31T17:59:28","slug":"homem-e-preso-por-trafico-de-drogas-em-operacao-conjunta-da-policia-militar-e-civil-de-uniao-da-vitoria","status":"publish","type":"post","link":"https:\/\/radiostudiow.com.br\/site\/2024\/04\/06\/homem-e-preso-por-trafico-de-drogas-em-operacao-conjunta-da-policia-militar-e-civil-de-uniao-da-vitoria\/","title":{"rendered":"Homem \u00e9 preso por tr\u00e1fico de drogas em Opera\u00e7\u00e3o conjunta da Pol\u00edcia Militar e Civil de Uni\u00e3o da Vit\u00f3ria"},"content":{"rendered":"\n<p>Uma opera\u00e7\u00e3o coordenada entre a Pol\u00edcia Militar e a Pol\u00edcia Civil culminou no cumprimento de um mandado de busca e apreens\u00e3o contra um indiv\u00edduo conhecido nos meios policiais por uma s\u00e9rie de crimes, incluindo tr\u00e1fico de drogas, disparos de arma de fogo e corrup\u00e7\u00e3o de menores.<\/p>\n\n\n\n<p> A a\u00e7\u00e3o aconteceu no bairro S\u00e3o Bas\u00edlio Magno em Uni\u00e3o da Vit\u00f3ria por volta das 09: 00 horas desta quinta-feira (05).<\/p>\n\n\n\n<figure class=\"wp-block-image size-full\"><img decoding=\"async\" src=\"https:\/\/radiostudiow.com.br\/site\/wp-content\/uploads\/2024\/04\/image-34.png\" alt=\"\" class=\"wp-image-21300\"\/><\/figure>\n\n\n\n<p>Ao chegar ao local, as equipes policiais verbalizaram do lado de fora da propriedade, por\u00e9m, n\u00e3o foram acatadas, o que tornou necess\u00e1rio o arrombamento da porta para adentrar na resid\u00eancia.&nbsp;Dentro da casa, o alvo do mandado foi localizado, sendo acordado pela presen\u00e7a policial e informado sobre o cumprimento da ordem judicial.<\/p>\n\n\n\n<p>Na resid\u00eancia, outras pessoas estavam presentes, alegando n\u00e3o serem moradoras do local. Entre elas, havia uma mulher que se identificou como convivente do propriet\u00e1rio da casa.&nbsp;Durante as buscas, uma por\u00e7\u00e3o de subst\u00e2ncia an\u00e1loga a crack foi encontrada em um dos quartos, juntamente com a quantia de R$ 1.073,00 em notas diversas, al\u00e9m de dois telefones celulares sobre a cama do alvo.<\/p>\n\n\n\n<figure class=\"wp-block-image size-full\"><img decoding=\"async\" src=\"https:\/\/radiostudiow.com.br\/site\/wp-content\/uploads\/2024\/04\/image-36.png\" alt=\"\" class=\"wp-image-21302\"\/><\/figure>\n\n\n\n<p>Diante dos fatos, o indiv\u00edduo foi detido e informado de seus direitos constitucionais, incluindo o direito de permanecer em sil\u00eancio. Tanto o suspeito quanto os objetos apreendidos foram encaminhados \u00e0 4\u00aa Delegacia de Pol\u00edcia para as medidas judiciais cab\u00edveis.<\/p>\n","protected":false},"excerpt":{"rendered":"<p>Uma opera\u00e7\u00e3o coordenada entre a Pol\u00edcia Militar e a Pol\u00edcia Civil culminou no cumprimento de um mandado de busca e apreens\u00e3o contra um indiv\u00edduo conhecido nos meios policiais por uma s\u00e9rie de crimes, incluindo tr\u00e1fico de drogas, disparos de arma de fogo e corrup\u00e7\u00e3o de menores. A a\u00e7\u00e3o aconteceu no bairro S\u00e3o Bas\u00edlio Magno em [&hellip;]<\/p>\n","protected":false},"author":2,"featured_media":21296,"comment_status":"open","ping_status":"open","sticky":false,"template":"","format":"standard","meta":{"footnotes":""},"categories":[2],"tags":[172],"class_list":["post-21293","post","type-post","status-publish","format-standard","has-post-thumbnail","hentry","category-policial","tag-featured"],"amp_enabled":true,"_links":{"self":[{"href":"https:\/\/radiostudiow.com.br\/site\/wp-json\/wp\/v2\/posts\/21293","targetHints":{"allow":["GET"]}}],"collection":[{"href":"https:\/\/radiostudiow.com.br\/site\/wp-json\/wp\/v2\/posts"}],"about":[{"href":"https:\/\/radiostudiow.com.br\/site\/wp-json\/wp\/v2\/types\/post"}],"author":[{"embeddable":true,"href":"https:\/\/radiostudiow.com.br\/site\/wp-json\/wp\/v2\/users\/2"}],"replies":[{"embeddable":true,"href":"https:\/\/radiostudiow.com.br\/site\/wp-json\/wp\/v2\/comments?post=21293"}],"version-history":[{"count":4,"href":"https:\/\/radiostudiow.com.br\/site\/wp-json\/wp\/v2\/posts\/21293\/revisions"}],"predecessor-version":[{"id":21303,"href":"https:\/\/radiostudiow.com.br\/site\/wp-json\/wp\/v2\/posts\/21293\/revisions\/21303"}],"wp:featuredmedia":[{"embeddable":true,"href":"https:\/\/radiostudiow.com.br\/site\/wp-json\/wp\/v2\/media\/21296"}],"wp:attachment":[{"href":"https:\/\/radiostudiow.com.br\/site\/wp-json\/wp\/v2\/media?parent=21293"}],"wp:term":[{"taxonomy":"category","embeddable":true,"href":"https:\/\/radiostudiow.com.br\/site\/wp-json\/wp\/v2\/categories?post=21293"},{"taxonomy":"post_tag","embeddable":true,"href":"https:\/\/radiostudiow.com.br\/site\/wp-json\/wp\/v2\/tags?post=21293"}],"curies":[{"name":"wp","href":"https:\/\/api.w.org\/{rel}","templated":true}]}}