{"id":21320,"date":"2024-04-08T10:11:07","date_gmt":"2024-04-08T13:11:07","guid":{"rendered":"https:\/\/radiostudiow.com.br\/site\/?p=21320"},"modified":"2025-01-31T14:59:28","modified_gmt":"2025-01-31T17:59:28","slug":"rotam-prende-homem-por-porte-ilegal-de-arma-de-fogo-em-general-carneiro","status":"publish","type":"post","link":"https:\/\/radiostudiow.com.br\/site\/2024\/04\/08\/rotam-prende-homem-por-porte-ilegal-de-arma-de-fogo-em-general-carneiro\/","title":{"rendered":"ROTAM prende homem por porte ilegal de arma de fogo em General Carneiro"},"content":{"rendered":"\n<p>A equipe da ROTAM realizou uma pris\u00e3o por porte ilegal de arma de fogo durante o patrulhamento no munic\u00edpio de General Carneiro por volta das 20:50 horas deste domingo (07).<\/p>\n\n\n\n<figure class=\"wp-block-image size-full\"><img decoding=\"async\" src=\"https:\/\/radiostudiow.com.br\/site\/wp-content\/uploads\/2024\/04\/image-41.png\" alt=\"\" class=\"wp-image-21333\"\/><\/figure>\n\n\n\n<p>Os policiais estavam em patrulha pela BR 153, KM 513, quando avistou um ve\u00edculo GM\/Celta parado em frente a uma entrada de ch\u00e1cara na Col\u00f4nia Mendes, com as luzes acesas e um homem dentro do ve\u00edculo. Ao dar voz de abordagem ao indiv\u00edduo, este desobedeceu, saindo do ve\u00edculo e correndo em dire\u00e7\u00e3o \u00e0 entrada de uma casa.<\/p>\n\n\n\n<p>Durante sua fuga, ele pegou uma arma da regi\u00e3o da cintura e a arremessou em um arbusto. A equipe conseguiu realizar a abordagem do indiv\u00edduo, mas n\u00e3o encontrou nenhum il\u00edcito com ele. No entanto, ao verificar o local onde a arma foi arremessada, foi encontrada um revolver calibre .32 com uma muni\u00e7\u00e3o.<\/p>\n\n\n\n<figure class=\"wp-block-image size-full\"><img decoding=\"async\" src=\"https:\/\/radiostudiow.com.br\/site\/wp-content\/uploads\/2024\/04\/image-42.png\" alt=\"\" class=\"wp-image-21334\"\/><\/figure>\n\n\n\n<p>Diante dos fatos, foi dada voz de pris\u00e3o ao indiv\u00edduo, que foi encaminhado e entregue, juntamente com a arma, na 4\u00aa Subdivis\u00e3o Policial (SDP) para os procedimentos legais.<\/p>\n","protected":false},"excerpt":{"rendered":"<p>A equipe da ROTAM realizou uma pris\u00e3o por porte ilegal de arma de fogo durante o patrulhamento no munic\u00edpio de General Carneiro por volta das 20:50 horas deste domingo (07). Os policiais estavam em patrulha pela BR 153, KM 513, quando avistou um ve\u00edculo GM\/Celta parado em frente a uma entrada de ch\u00e1cara na Col\u00f4nia [&hellip;]<\/p>\n","protected":false},"author":2,"featured_media":21321,"comment_status":"open","ping_status":"open","sticky":false,"template":"","format":"standard","meta":{"footnotes":""},"categories":[2],"tags":[172],"class_list":["post-21320","post","type-post","status-publish","format-standard","has-post-thumbnail","hentry","category-policial","tag-featured"],"amp_enabled":true,"_links":{"self":[{"href":"https:\/\/radiostudiow.com.br\/site\/wp-json\/wp\/v2\/posts\/21320","targetHints":{"allow":["GET"]}}],"collection":[{"href":"https:\/\/radiostudiow.com.br\/site\/wp-json\/wp\/v2\/posts"}],"about":[{"href":"https:\/\/radiostudiow.com.br\/site\/wp-json\/wp\/v2\/types\/post"}],"author":[{"embeddable":true,"href":"https:\/\/radiostudiow.com.br\/site\/wp-json\/wp\/v2\/users\/2"}],"replies":[{"embeddable":true,"href":"https:\/\/radiostudiow.com.br\/site\/wp-json\/wp\/v2\/comments?post=21320"}],"version-history":[{"count":2,"href":"https:\/\/radiostudiow.com.br\/site\/wp-json\/wp\/v2\/posts\/21320\/revisions"}],"predecessor-version":[{"id":21335,"href":"https:\/\/radiostudiow.com.br\/site\/wp-json\/wp\/v2\/posts\/21320\/revisions\/21335"}],"wp:featuredmedia":[{"embeddable":true,"href":"https:\/\/radiostudiow.com.br\/site\/wp-json\/wp\/v2\/media\/21321"}],"wp:attachment":[{"href":"https:\/\/radiostudiow.com.br\/site\/wp-json\/wp\/v2\/media?parent=21320"}],"wp:term":[{"taxonomy":"category","embeddable":true,"href":"https:\/\/radiostudiow.com.br\/site\/wp-json\/wp\/v2\/categories?post=21320"},{"taxonomy":"post_tag","embeddable":true,"href":"https:\/\/radiostudiow.com.br\/site\/wp-json\/wp\/v2\/tags?post=21320"}],"curies":[{"name":"wp","href":"https:\/\/api.w.org\/{rel}","templated":true}]}}