{"id":21323,"date":"2024-04-08T10:34:37","date_gmt":"2024-04-08T13:34:37","guid":{"rendered":"https:\/\/radiostudiow.com.br\/site\/?p=21323"},"modified":"2025-01-31T14:59:28","modified_gmt":"2025-01-31T17:59:28","slug":"homem-e-esfaqueado-pela-esposa-em-sao-mateus-do-sul","status":"publish","type":"post","link":"https:\/\/radiostudiow.com.br\/site\/2024\/04\/08\/homem-e-esfaqueado-pela-esposa-em-sao-mateus-do-sul\/","title":{"rendered":"Homem \u00e9 esfaqueado pela esposa em S\u00e3o Mateus do Sul"},"content":{"rendered":"\n<p>A equipe da Pol\u00edcia Militar de S\u00e3o Mateus do Sul recebeu uma liga\u00e7\u00e3o do pronto atendimento local, afirmando que um homem havia chegado ao local com ferimentos causados por faca por volta das 20:11 horas deste domingo (07).<\/p>\n\n\n\n<figure class=\"wp-block-image size-full\"><img decoding=\"async\" src=\"https:\/\/radiostudiow.com.br\/site\/wp-content\/uploads\/2024\/04\/image-44.png\" alt=\"\" class=\"wp-image-21338\"\/><\/figure>\n\n\n\n<p>No local, a equipe constatou que as les\u00f5es foram causadas por golpes de facas dados pela esposa da v\u00edtima, que relatou que estava em sua resid\u00eancia quando seu cunhado chegou e come\u00e7ou a desacat\u00e1-lo e amea\u00e7\u00e1-lo. Em resposta, ele se defendeu, o que levou sua esposa, embriagada, a desferir uma facada em seu antebra\u00e7o esquerdo.<\/p>\n\n\n\n<p>Ap\u00f3s o incidente, ele buscou ajuda na casa de sua m\u00e3e, sendo encaminhado ao pronto atendimento para receber cuidados m\u00e9dicos.<\/p>\n\n\n\n<figure class=\"wp-block-image size-full\"><img decoding=\"async\" src=\"https:\/\/radiostudiow.com.br\/site\/wp-content\/uploads\/2024\/04\/image-43.png\" alt=\"\" class=\"wp-image-21337\"\/><\/figure>\n\n\n\n<p>A v\u00edtima afirmou que esta n\u00e3o foi a primeira vez que sua esposa o agrediu e que ainda n\u00e3o se separou dela devido \u00e0 presen\u00e7a de um filho pequeno. Ele foi orientado sobre as medidas cab\u00edveis diante da situa\u00e7\u00e3o.<\/p>\n\n\n\n<p>O homem permaneceu no pronto atendimento para receber os cuidados necess\u00e1rios.<\/p>\n","protected":false},"excerpt":{"rendered":"<p>A equipe da Pol\u00edcia Militar de S\u00e3o Mateus do Sul recebeu uma liga\u00e7\u00e3o do pronto atendimento local, afirmando que um homem havia chegado ao local com ferimentos causados por faca por volta das 20:11 horas deste domingo (07). No local, a equipe constatou que as les\u00f5es foram causadas por golpes de facas dados pela esposa [&hellip;]<\/p>\n","protected":false},"author":2,"featured_media":19871,"comment_status":"open","ping_status":"open","sticky":false,"template":"","format":"standard","meta":{"footnotes":""},"categories":[2],"tags":[172],"class_list":["post-21323","post","type-post","status-publish","format-standard","has-post-thumbnail","hentry","category-policial","tag-featured"],"amp_enabled":true,"_links":{"self":[{"href":"https:\/\/radiostudiow.com.br\/site\/wp-json\/wp\/v2\/posts\/21323","targetHints":{"allow":["GET"]}}],"collection":[{"href":"https:\/\/radiostudiow.com.br\/site\/wp-json\/wp\/v2\/posts"}],"about":[{"href":"https:\/\/radiostudiow.com.br\/site\/wp-json\/wp\/v2\/types\/post"}],"author":[{"embeddable":true,"href":"https:\/\/radiostudiow.com.br\/site\/wp-json\/wp\/v2\/users\/2"}],"replies":[{"embeddable":true,"href":"https:\/\/radiostudiow.com.br\/site\/wp-json\/wp\/v2\/comments?post=21323"}],"version-history":[{"count":2,"href":"https:\/\/radiostudiow.com.br\/site\/wp-json\/wp\/v2\/posts\/21323\/revisions"}],"predecessor-version":[{"id":21339,"href":"https:\/\/radiostudiow.com.br\/site\/wp-json\/wp\/v2\/posts\/21323\/revisions\/21339"}],"wp:featuredmedia":[{"embeddable":true,"href":"https:\/\/radiostudiow.com.br\/site\/wp-json\/wp\/v2\/media\/19871"}],"wp:attachment":[{"href":"https:\/\/radiostudiow.com.br\/site\/wp-json\/wp\/v2\/media?parent=21323"}],"wp:term":[{"taxonomy":"category","embeddable":true,"href":"https:\/\/radiostudiow.com.br\/site\/wp-json\/wp\/v2\/categories?post=21323"},{"taxonomy":"post_tag","embeddable":true,"href":"https:\/\/radiostudiow.com.br\/site\/wp-json\/wp\/v2\/tags?post=21323"}],"curies":[{"name":"wp","href":"https:\/\/api.w.org\/{rel}","templated":true}]}}