{"id":21344,"date":"2024-04-08T11:15:27","date_gmt":"2024-04-08T14:15:27","guid":{"rendered":"https:\/\/radiostudiow.com.br\/site\/?p=21344"},"modified":"2025-01-31T14:59:28","modified_gmt":"2025-01-31T17:59:28","slug":"pm-e-acionada-apos-homem-ser-agredido-em-uniao-da-vitoria","status":"publish","type":"post","link":"https:\/\/radiostudiow.com.br\/site\/2024\/04\/08\/pm-e-acionada-apos-homem-ser-agredido-em-uniao-da-vitoria\/","title":{"rendered":"PM \u00e9 acionada ap\u00f3s homem ser agredido em Uni\u00e3o da Vit\u00f3ria"},"content":{"rendered":"\n<p>A equipe da Pol\u00edcia Militar foi abordada por um senhor na Avenida Marechal Deodoro da Fonseca  por volta das 07:20 horas deste s\u00e1bado (06), relatando uma situa\u00e7\u00e3o de Les\u00e3o Corporal.<\/p>\n\n\n\n<figure class=\"wp-block-image size-full\"><img decoding=\"async\" src=\"https:\/\/radiostudiow.com.br\/site\/wp-content\/uploads\/2024\/04\/image-45.png\" alt=\"\" class=\"wp-image-21345\"\/><\/figure>\n\n\n\n<p>De acordo com o solicitante, na madrugada transitava pela via pr\u00f3xima \u00e0 Ponte Jos\u00e9 Richa, vindo do Distrito de S\u00e3o Crist\u00f3v\u00e3o em dire\u00e7\u00e3o ao Centro, quando foi agredido por um homem desconhecido.<\/p>\n\n\n\n<p>De acordo com a v\u00edtima, o autor possu\u00eda barba, estatura mediana, por\u00e9m n\u00e3o soube descrever suas vestes.\u00a0O homem apresentava les\u00f5es na regi\u00e3o da cabe\u00e7a e pesco\u00e7o, al\u00e9m de estar com sangramento no nariz no momento em que foi encontrado pela equipe policial.<\/p>\n\n\n\n<p>Diante dos fatos, o indiv\u00edduo agredido foi orientado sobre seus direitos constitucionais e decidiu que os procedimentos de pol\u00edcia judici\u00e1ria fossem adotados, uma vez que n\u00e3o reconheceu o autor da agress\u00e3o.<\/p>\n\n\n\n<figure class=\"wp-block-image size-full\"><img decoding=\"async\" src=\"https:\/\/radiostudiow.com.br\/site\/wp-content\/uploads\/2024\/04\/image-46.png\" alt=\"\" class=\"wp-image-21346\"\/><\/figure>\n\n\n\n<p>Posteriormente, a v\u00edtima foi encaminhada at\u00e9 a Unidade de Pronto Atendimento para receber os primeiros socorros. Ap\u00f3s os cuidados m\u00e9dicos, foi confeccionado o boletim de ocorr\u00eancia referente ao incidente.<\/p>\n","protected":false},"excerpt":{"rendered":"<p>A equipe da Pol\u00edcia Militar foi abordada por um senhor na Avenida Marechal Deodoro da Fonseca por volta das 07:20 horas deste s\u00e1bado (06), relatando uma situa\u00e7\u00e3o de Les\u00e3o Corporal. De acordo com o solicitante, na madrugada transitava pela via pr\u00f3xima \u00e0 Ponte Jos\u00e9 Richa, vindo do Distrito de S\u00e3o Crist\u00f3v\u00e3o em dire\u00e7\u00e3o ao Centro, [&hellip;]<\/p>\n","protected":false},"author":2,"featured_media":14232,"comment_status":"open","ping_status":"open","sticky":false,"template":"","format":"standard","meta":{"footnotes":""},"categories":[2],"tags":[172],"class_list":["post-21344","post","type-post","status-publish","format-standard","has-post-thumbnail","hentry","category-policial","tag-featured"],"amp_enabled":true,"_links":{"self":[{"href":"https:\/\/radiostudiow.com.br\/site\/wp-json\/wp\/v2\/posts\/21344","targetHints":{"allow":["GET"]}}],"collection":[{"href":"https:\/\/radiostudiow.com.br\/site\/wp-json\/wp\/v2\/posts"}],"about":[{"href":"https:\/\/radiostudiow.com.br\/site\/wp-json\/wp\/v2\/types\/post"}],"author":[{"embeddable":true,"href":"https:\/\/radiostudiow.com.br\/site\/wp-json\/wp\/v2\/users\/2"}],"replies":[{"embeddable":true,"href":"https:\/\/radiostudiow.com.br\/site\/wp-json\/wp\/v2\/comments?post=21344"}],"version-history":[{"count":1,"href":"https:\/\/radiostudiow.com.br\/site\/wp-json\/wp\/v2\/posts\/21344\/revisions"}],"predecessor-version":[{"id":21347,"href":"https:\/\/radiostudiow.com.br\/site\/wp-json\/wp\/v2\/posts\/21344\/revisions\/21347"}],"wp:featuredmedia":[{"embeddable":true,"href":"https:\/\/radiostudiow.com.br\/site\/wp-json\/wp\/v2\/media\/14232"}],"wp:attachment":[{"href":"https:\/\/radiostudiow.com.br\/site\/wp-json\/wp\/v2\/media?parent=21344"}],"wp:term":[{"taxonomy":"category","embeddable":true,"href":"https:\/\/radiostudiow.com.br\/site\/wp-json\/wp\/v2\/categories?post=21344"},{"taxonomy":"post_tag","embeddable":true,"href":"https:\/\/radiostudiow.com.br\/site\/wp-json\/wp\/v2\/tags?post=21344"}],"curies":[{"name":"wp","href":"https:\/\/api.w.org\/{rel}","templated":true}]}}