{"id":21348,"date":"2024-04-08T11:36:00","date_gmt":"2024-04-08T14:36:00","guid":{"rendered":"https:\/\/radiostudiow.com.br\/site\/?p=21348"},"modified":"2025-01-31T14:59:28","modified_gmt":"2025-01-31T17:59:28","slug":"homem-e-preso-apos-agredir-pai-e-irma-em-uniao-da-vitoria","status":"publish","type":"post","link":"https:\/\/radiostudiow.com.br\/site\/2024\/04\/08\/homem-e-preso-apos-agredir-pai-e-irma-em-uniao-da-vitoria\/","title":{"rendered":"Homem \u00e9 preso ap\u00f3s agredir pai e irm\u00e3 em Uni\u00e3o da Vit\u00f3ria"},"content":{"rendered":"\n<p>A equipe da Pol\u00edcia Militar de Uni\u00e3o da Vit\u00f3ria foi acionada para intervir em uma situa\u00e7\u00e3o de amea\u00e7a no bairro S\u00e3o Crist\u00f3v\u00e3o por volta das 09:12 horas deste domingo (07).<\/p>\n\n\n\n<figure class=\"wp-block-image size-full\"><img decoding=\"async\" src=\"https:\/\/radiostudiow.com.br\/site\/wp-content\/uploads\/2024\/04\/image-47.png\" alt=\"\" class=\"wp-image-21350\"\/><\/figure>\n\n\n\n<p>No local, os policiais entraram em contato com o solicitante, que relatou uma s\u00e9rie de eventos envolvendo seu filho que acordou agressivo e exigindo dinheiro devido ao uso de entorpecentes. Isso culminou em uma discuss\u00e3o acalorada que rapidamente se transformou em uma briga f\u00edsica.<\/p>\n\n\n\n<p>O filho agressivo teria agredido o solicitante com um soco no rosto e um chute no joelho esquerdo. Em defesa pr\u00f3pria, o solicitante revidou com um soco no agressor.\u00a0Posteriormente, o agressor teria tentado enforcar sua irm\u00e3, sendo impedido apenas pela interven\u00e7\u00e3o dos familiares.<\/p>\n\n\n\n<figure class=\"wp-block-image size-large\"><img decoding=\"async\" src=\"https:\/\/radiostudiow.com.br\/site\/wp-content\/uploads\/2024\/04\/image-48-1024x1024.png\" alt=\"\" class=\"wp-image-21351\"\/><\/figure>\n\n\n\n<p>Apesar de n\u00e3o apresentarem les\u00f5es vis\u00edveis, as v\u00edtimas decidiram representar criminalmente contra o agressor.\u00a0Al\u00e9m disso, expressaram o desejo de solicitar o internamento do autor, devido aos problemas recorrentes causados pelo seu uso cont\u00ednuo de entorpecentes.<\/p>\n\n\n\n<p>Diante da gravidade da situa\u00e7\u00e3o, o agressor recebeu voz de pris\u00e3o e foi conduzido \u00e0 Unidade de Pronto Atendimento (UPA) de Uni\u00e3o da Vit\u00f3ria e, em seguida, \u00e0 4\u00aa Subdivis\u00e3o Policial (SDP) de Uni\u00e3o da Vit\u00f3ria para os procedimentos legais cab\u00edveis.<\/p>\n","protected":false},"excerpt":{"rendered":"<p>A equipe da Pol\u00edcia Militar de Uni\u00e3o da Vit\u00f3ria foi acionada para intervir em uma situa\u00e7\u00e3o de amea\u00e7a no bairro S\u00e3o Crist\u00f3v\u00e3o por volta das 09:12 horas deste domingo (07). No local, os policiais entraram em contato com o solicitante, que relatou uma s\u00e9rie de eventos envolvendo seu filho que acordou agressivo e exigindo dinheiro [&hellip;]<\/p>\n","protected":false},"author":2,"featured_media":14208,"comment_status":"open","ping_status":"open","sticky":false,"template":"","format":"standard","meta":{"footnotes":""},"categories":[2],"tags":[172],"class_list":["post-21348","post","type-post","status-publish","format-standard","has-post-thumbnail","hentry","category-policial","tag-featured"],"amp_enabled":true,"_links":{"self":[{"href":"https:\/\/radiostudiow.com.br\/site\/wp-json\/wp\/v2\/posts\/21348","targetHints":{"allow":["GET"]}}],"collection":[{"href":"https:\/\/radiostudiow.com.br\/site\/wp-json\/wp\/v2\/posts"}],"about":[{"href":"https:\/\/radiostudiow.com.br\/site\/wp-json\/wp\/v2\/types\/post"}],"author":[{"embeddable":true,"href":"https:\/\/radiostudiow.com.br\/site\/wp-json\/wp\/v2\/users\/2"}],"replies":[{"embeddable":true,"href":"https:\/\/radiostudiow.com.br\/site\/wp-json\/wp\/v2\/comments?post=21348"}],"version-history":[{"count":2,"href":"https:\/\/radiostudiow.com.br\/site\/wp-json\/wp\/v2\/posts\/21348\/revisions"}],"predecessor-version":[{"id":21352,"href":"https:\/\/radiostudiow.com.br\/site\/wp-json\/wp\/v2\/posts\/21348\/revisions\/21352"}],"wp:featuredmedia":[{"embeddable":true,"href":"https:\/\/radiostudiow.com.br\/site\/wp-json\/wp\/v2\/media\/14208"}],"wp:attachment":[{"href":"https:\/\/radiostudiow.com.br\/site\/wp-json\/wp\/v2\/media?parent=21348"}],"wp:term":[{"taxonomy":"category","embeddable":true,"href":"https:\/\/radiostudiow.com.br\/site\/wp-json\/wp\/v2\/categories?post=21348"},{"taxonomy":"post_tag","embeddable":true,"href":"https:\/\/radiostudiow.com.br\/site\/wp-json\/wp\/v2\/tags?post=21348"}],"curies":[{"name":"wp","href":"https:\/\/api.w.org\/{rel}","templated":true}]}}