{"id":21353,"date":"2024-04-08T21:06:26","date_gmt":"2024-04-09T00:06:26","guid":{"rendered":"https:\/\/radiostudiow.com.br\/site\/?p=21353"},"modified":"2025-01-31T14:59:28","modified_gmt":"2025-01-31T17:59:28","slug":"policia-militar-de-mallet-e-acionada-apos-briga-generalizada-com-disparos-de-arma-de-fogo","status":"publish","type":"post","link":"https:\/\/radiostudiow.com.br\/site\/2024\/04\/08\/policia-militar-de-mallet-e-acionada-apos-briga-generalizada-com-disparos-de-arma-de-fogo\/","title":{"rendered":"Pol\u00edcia Militar de Mallet \u00e9 acionada ap\u00f3s briga generalizada com disparos de arma de fogo"},"content":{"rendered":"\n<p>A equipe da Pol\u00edcia Militar de Mallet foi acionada para atender uma situa\u00e7\u00e3o de briga generalizada com disparo de arma de fogo em frente a um estabelecimento comercial na \u00e1rea central da cidade na noite desse domingo (07).<\/p>\n\n\n\n<figure class=\"wp-block-image size-full\"><img loading=\"lazy\" decoding=\"async\" width=\"897\" height=\"204\" src=\"https:\/\/radiostudiow.com.br\/site\/wp-content\/uploads\/2024\/04\/image-51.png\" alt=\"\" class=\"wp-image-21370\" srcset=\"https:\/\/radiostudiow.com.br\/site\/wp-content\/uploads\/2024\/04\/image-51.png 897w, https:\/\/radiostudiow.com.br\/site\/wp-content\/uploads\/2024\/04\/image-51-300x68.png 300w, https:\/\/radiostudiow.com.br\/site\/wp-content\/uploads\/2024\/04\/image-51-768x175.png 768w\" sizes=\"auto, (max-width: 897px) 100vw, 897px\" \/><\/figure>\n\n\n\n<p>De acordo com o solicitante, haviam pessoas em vias de fato, um ve\u00edculo Sandero suspeito e havia uma arma de fogo. Em contato com o propriet\u00e1rio, ele mencionou que a briga teria ocorrido por volta de 23:30 horas em frente ao seu bar.<\/p>\n\n\n\n<p>O homem afirmou que alguns envolvidos pegaram tijolos e jogaram em dire\u00e7\u00e3o a um ve\u00edculo Sandero de cor preta, o qual estava estacionado pr\u00f3ximo ao local, quebrando a janela traseira. Ap\u00f3s os fatos, as pessoas teriam se evadido do local a p\u00e9 e um deles mencionou que iria buscar uma arma de fogo indo em dire\u00e7\u00e3o ao Sandero, posteriormente saiu em dire\u00e7\u00e3o ignorada.<\/p>\n\n\n\n<p>Durante o deslocamento, a equipe recebeu informa\u00e7\u00e3o atrav\u00e9s da Defesa Civil de que havia um homem, v\u00edtima de arma de fogo, no hospital.<\/p>\n\n\n\n<figure class=\"wp-block-image size-full\"><img decoding=\"async\" src=\"https:\/\/radiostudiow.com.br\/site\/wp-content\/uploads\/2024\/04\/image-52.png\" alt=\"\" class=\"wp-image-21371\"\/><\/figure>\n\n\n\n<p>Ap\u00f3s dilig\u00eancias, a equipe encontrou o ve\u00edculo Sandero, do seu interior sa\u00edram tr\u00eas homens, ap\u00f3s identificados foi realizada buscas pessoais e ve\u00edculo, nada de il\u00edcito foi encontrado junto com os suspeitos.<\/p>\n\n\n\n<p>Os ocupantes do ve\u00edculo relataram que foi v\u00edtima de um disparo de arma de fogo durante a briga, que n\u00e3o tem conhecimento do poss\u00edvel autor, n\u00e3o se recorda como aconteceu e que foi encaminhado ao Hospital para atendimento m\u00e9dico.<\/p>\n\n\n\n<figure class=\"wp-block-image size-full\"><img decoding=\"async\" src=\"https:\/\/radiostudiow.com.br\/site\/wp-content\/uploads\/2024\/04\/image-53.png\" alt=\"\" class=\"wp-image-21372\"\/><\/figure>\n\n\n\n<p>Diante dos fatos foi confeccionado o Boletim de ocorr\u00eancia recolhido o ve\u00edculo ao P\u00e1tio do Pelot\u00e3o de Mallet devido estar com pend\u00eancias e bloqueio.<\/p>\n","protected":false},"excerpt":{"rendered":"<p>A equipe da Pol\u00edcia Militar de Mallet foi acionada para atender uma situa\u00e7\u00e3o de briga generalizada com disparo de arma de fogo em frente a um estabelecimento comercial na \u00e1rea central da cidade na noite desse domingo (07). De acordo com o solicitante, haviam pessoas em vias de fato, um ve\u00edculo Sandero suspeito e havia [&hellip;]<\/p>\n","protected":false},"author":2,"featured_media":12720,"comment_status":"open","ping_status":"open","sticky":false,"template":"","format":"standard","meta":{"footnotes":""},"categories":[2],"tags":[172],"class_list":["post-21353","post","type-post","status-publish","format-standard","has-post-thumbnail","hentry","category-policial","tag-featured"],"amp_enabled":true,"_links":{"self":[{"href":"https:\/\/radiostudiow.com.br\/site\/wp-json\/wp\/v2\/posts\/21353","targetHints":{"allow":["GET"]}}],"collection":[{"href":"https:\/\/radiostudiow.com.br\/site\/wp-json\/wp\/v2\/posts"}],"about":[{"href":"https:\/\/radiostudiow.com.br\/site\/wp-json\/wp\/v2\/types\/post"}],"author":[{"embeddable":true,"href":"https:\/\/radiostudiow.com.br\/site\/wp-json\/wp\/v2\/users\/2"}],"replies":[{"embeddable":true,"href":"https:\/\/radiostudiow.com.br\/site\/wp-json\/wp\/v2\/comments?post=21353"}],"version-history":[{"count":6,"href":"https:\/\/radiostudiow.com.br\/site\/wp-json\/wp\/v2\/posts\/21353\/revisions"}],"predecessor-version":[{"id":21373,"href":"https:\/\/radiostudiow.com.br\/site\/wp-json\/wp\/v2\/posts\/21353\/revisions\/21373"}],"wp:featuredmedia":[{"embeddable":true,"href":"https:\/\/radiostudiow.com.br\/site\/wp-json\/wp\/v2\/media\/12720"}],"wp:attachment":[{"href":"https:\/\/radiostudiow.com.br\/site\/wp-json\/wp\/v2\/media?parent=21353"}],"wp:term":[{"taxonomy":"category","embeddable":true,"href":"https:\/\/radiostudiow.com.br\/site\/wp-json\/wp\/v2\/categories?post=21353"},{"taxonomy":"post_tag","embeddable":true,"href":"https:\/\/radiostudiow.com.br\/site\/wp-json\/wp\/v2\/tags?post=21353"}],"curies":[{"name":"wp","href":"https:\/\/api.w.org\/{rel}","templated":true}]}}