{"id":21387,"date":"2024-04-10T10:08:56","date_gmt":"2024-04-10T13:08:56","guid":{"rendered":"https:\/\/radiostudiow.com.br\/site\/?p=21387"},"modified":"2025-01-31T14:59:28","modified_gmt":"2025-01-31T17:59:28","slug":"policia-militar-de-sao-mateus-do-sul-e-acionada-apos-homens-atirarem-na-direcao-de-vigilantes","status":"publish","type":"post","link":"https:\/\/radiostudiow.com.br\/site\/2024\/04\/10\/policia-militar-de-sao-mateus-do-sul-e-acionada-apos-homens-atirarem-na-direcao-de-vigilantes\/","title":{"rendered":"Pol\u00edcia Militar de S\u00e3o Mateus do Sul \u00e9 acionada ap\u00f3s homens atirarem na dire\u00e7\u00e3o de vigilantes"},"content":{"rendered":"\n<p>A equipe da Pol\u00edcia Militar de S\u00e3o Mateus do Sul foi acionada para averiguar disparos de arma de fogo em uma empresa localizada na PR-364 por volta das 04:50 horas dessa segunda-feira (08).<\/p>\n\n\n\n<figure class=\"wp-block-image size-full\"><img decoding=\"async\" src=\"https:\/\/radiostudiow.com.br\/site\/wp-content\/uploads\/2024\/04\/image-54.png\" alt=\"\" class=\"wp-image-21388\"\/><\/figure>\n\n\n\n<p>No local, em contato com vigilantes, eles relataram que dois indiv\u00edduos encapuzados adentraram a propriedade da empresa e estavam pr\u00f3ximos a um caminh\u00e3o tamb\u00e9m de propriedade da empresa, e quando os vigilantes se aproximaram os suspeitos efetuaram dois disparos de arma de fogo em suas dire\u00e7\u00f5es.<\/p>\n\n\n\n<figure class=\"wp-block-image size-full\"><img decoding=\"async\" src=\"https:\/\/radiostudiow.com.br\/site\/wp-content\/uploads\/2024\/04\/image-55.png\" alt=\"\" class=\"wp-image-21389\"\/><\/figure>\n\n\n\n<p>Ap\u00f3s os disparos, os vigilantes acionaram a Pol\u00edcia Militar. Realizadas as buscas por toda a extens\u00e3o da \u00e1rea onde os suspeitos foram vistos, ningu\u00e9m foi localizado, restando o registro do boletim de ocorr\u00eancia.<\/p>\n","protected":false},"excerpt":{"rendered":"<p>A equipe da Pol\u00edcia Militar de S\u00e3o Mateus do Sul foi acionada para averiguar disparos de arma de fogo em uma empresa localizada na PR-364 por volta das 04:50 horas dessa segunda-feira (08). No local, em contato com vigilantes, eles relataram que dois indiv\u00edduos encapuzados adentraram a propriedade da empresa e estavam pr\u00f3ximos a um [&hellip;]<\/p>\n","protected":false},"author":2,"featured_media":20850,"comment_status":"open","ping_status":"open","sticky":false,"template":"","format":"standard","meta":{"footnotes":""},"categories":[2],"tags":[172],"class_list":["post-21387","post","type-post","status-publish","format-standard","has-post-thumbnail","hentry","category-policial","tag-featured"],"amp_enabled":true,"_links":{"self":[{"href":"https:\/\/radiostudiow.com.br\/site\/wp-json\/wp\/v2\/posts\/21387","targetHints":{"allow":["GET"]}}],"collection":[{"href":"https:\/\/radiostudiow.com.br\/site\/wp-json\/wp\/v2\/posts"}],"about":[{"href":"https:\/\/radiostudiow.com.br\/site\/wp-json\/wp\/v2\/types\/post"}],"author":[{"embeddable":true,"href":"https:\/\/radiostudiow.com.br\/site\/wp-json\/wp\/v2\/users\/2"}],"replies":[{"embeddable":true,"href":"https:\/\/radiostudiow.com.br\/site\/wp-json\/wp\/v2\/comments?post=21387"}],"version-history":[{"count":1,"href":"https:\/\/radiostudiow.com.br\/site\/wp-json\/wp\/v2\/posts\/21387\/revisions"}],"predecessor-version":[{"id":21390,"href":"https:\/\/radiostudiow.com.br\/site\/wp-json\/wp\/v2\/posts\/21387\/revisions\/21390"}],"wp:featuredmedia":[{"embeddable":true,"href":"https:\/\/radiostudiow.com.br\/site\/wp-json\/wp\/v2\/media\/20850"}],"wp:attachment":[{"href":"https:\/\/radiostudiow.com.br\/site\/wp-json\/wp\/v2\/media?parent=21387"}],"wp:term":[{"taxonomy":"category","embeddable":true,"href":"https:\/\/radiostudiow.com.br\/site\/wp-json\/wp\/v2\/categories?post=21387"},{"taxonomy":"post_tag","embeddable":true,"href":"https:\/\/radiostudiow.com.br\/site\/wp-json\/wp\/v2\/tags?post=21387"}],"curies":[{"name":"wp","href":"https:\/\/api.w.org\/{rel}","templated":true}]}}