{"id":21399,"date":"2024-04-10T10:18:33","date_gmt":"2024-04-10T13:18:33","guid":{"rendered":"https:\/\/radiostudiow.com.br\/site\/?p=21399"},"modified":"2025-01-31T14:59:28","modified_gmt":"2025-01-31T17:59:28","slug":"policia-militar-registra-tentativa-de-furto-no-centro-de-uniao-da-vitoria","status":"publish","type":"post","link":"https:\/\/radiostudiow.com.br\/site\/2024\/04\/10\/policia-militar-registra-tentativa-de-furto-no-centro-de-uniao-da-vitoria\/","title":{"rendered":"Pol\u00edcia Militar registra tentativa de furto no centro de Uni\u00e3o da Vit\u00f3ria"},"content":{"rendered":"\n<p>A equipe da Pol\u00edcia Militar de Uni\u00e3o da Vit\u00f3ria foi acionada para atender uma tentativa de furto e danos por volta das 05:30 horas dessa segunda-feira (09). A situa\u00e7\u00e3o ocorreu em um estabelecimento comercial na \u00e1rea central da cidade.<\/p>\n\n\n\n<figure class=\"wp-block-image size-full\"><img decoding=\"async\" src=\"https:\/\/radiostudiow.com.br\/site\/wp-content\/uploads\/2024\/04\/image-46.png\" alt=\"\" class=\"wp-image-21400\"\/><\/figure>\n\n\n\n<p>No local, os policiais entraram em contato com a gerente da loja, a qual relatou que dois homens teriam tentado adentrar ao estabelecimento utilizando uma tampa de bueiro para tentar danificar a porta e obter acesso aos produtos.<\/p>\n\n\n\n<p>A solicitante afirmou tamb\u00e9m que nenhum produto foi furtado, restando somente danos na porta de entrada.<\/p>\n\n\n\n<p>Diante dos relatos a equipe policial orientou a v\u00edtima quanto aos procedimentos cab\u00edveis.<\/p>\n","protected":false},"excerpt":{"rendered":"<p>A equipe da Pol\u00edcia Militar de Uni\u00e3o da Vit\u00f3ria foi acionada para atender uma tentativa de furto e danos por volta das 05:30 horas dessa segunda-feira (09). A situa\u00e7\u00e3o ocorreu em um estabelecimento comercial na \u00e1rea central da cidade. No local, os policiais entraram em contato com a gerente da loja, a qual relatou que [&hellip;]<\/p>\n","protected":false},"author":2,"featured_media":10151,"comment_status":"open","ping_status":"open","sticky":false,"template":"","format":"standard","meta":{"footnotes":""},"categories":[2],"tags":[172],"class_list":["post-21399","post","type-post","status-publish","format-standard","has-post-thumbnail","hentry","category-policial","tag-featured"],"amp_enabled":true,"_links":{"self":[{"href":"https:\/\/radiostudiow.com.br\/site\/wp-json\/wp\/v2\/posts\/21399","targetHints":{"allow":["GET"]}}],"collection":[{"href":"https:\/\/radiostudiow.com.br\/site\/wp-json\/wp\/v2\/posts"}],"about":[{"href":"https:\/\/radiostudiow.com.br\/site\/wp-json\/wp\/v2\/types\/post"}],"author":[{"embeddable":true,"href":"https:\/\/radiostudiow.com.br\/site\/wp-json\/wp\/v2\/users\/2"}],"replies":[{"embeddable":true,"href":"https:\/\/radiostudiow.com.br\/site\/wp-json\/wp\/v2\/comments?post=21399"}],"version-history":[{"count":1,"href":"https:\/\/radiostudiow.com.br\/site\/wp-json\/wp\/v2\/posts\/21399\/revisions"}],"predecessor-version":[{"id":21401,"href":"https:\/\/radiostudiow.com.br\/site\/wp-json\/wp\/v2\/posts\/21399\/revisions\/21401"}],"wp:featuredmedia":[{"embeddable":true,"href":"https:\/\/radiostudiow.com.br\/site\/wp-json\/wp\/v2\/media\/10151"}],"wp:attachment":[{"href":"https:\/\/radiostudiow.com.br\/site\/wp-json\/wp\/v2\/media?parent=21399"}],"wp:term":[{"taxonomy":"category","embeddable":true,"href":"https:\/\/radiostudiow.com.br\/site\/wp-json\/wp\/v2\/categories?post=21399"},{"taxonomy":"post_tag","embeddable":true,"href":"https:\/\/radiostudiow.com.br\/site\/wp-json\/wp\/v2\/tags?post=21399"}],"curies":[{"name":"wp","href":"https:\/\/api.w.org\/{rel}","templated":true}]}}