{"id":21403,"date":"2024-04-10T11:28:25","date_gmt":"2024-04-10T14:28:25","guid":{"rendered":"https:\/\/radiostudiow.com.br\/site\/?p=21403"},"modified":"2025-01-31T14:59:28","modified_gmt":"2025-01-31T17:59:28","slug":"operacao-da-policia-militar-resulta-na-prisao-de-13-assaltantes-de-carga-na-regiao-e-recupera-carga-roubada-em-paula-freitas","status":"publish","type":"post","link":"https:\/\/radiostudiow.com.br\/site\/2024\/04\/10\/operacao-da-policia-militar-resulta-na-prisao-de-13-assaltantes-de-carga-na-regiao-e-recupera-carga-roubada-em-paula-freitas\/","title":{"rendered":"Opera\u00e7\u00e3o da Pol\u00edcia Militar resulta na pris\u00e3o de 13 assaltantes de carga na regi\u00e3o e recupera carga roubada em Paula Freitas"},"content":{"rendered":"\n<p>Uma opera\u00e7\u00e3o intensiva da Pol\u00edcia Militar na regi\u00e3o de S\u00e3o Mateus do Sul culminou na&nbsp;pris\u00e3o de 13 suspeitos ligados a roubos de cargas.&nbsp;Al\u00e9m das deten\u00e7\u00f5es,&nbsp;as autoridades tamb\u00e9m conseguiram recuperar uma carreta que havia sido roubada em Paula Freitas.<\/p>\n\n\n\n<figure class=\"wp-block-image size-full\"><img decoding=\"async\" src=\"https:\/\/radiostudiow.com.br\/site\/wp-content\/uploads\/2024\/04\/image-47.png\" alt=\"\" class=\"wp-image-21404\"\/><\/figure>\n\n\n\n<p>Segundo informa\u00e7\u00f5es obtidas, as equipes policiais obtiveram sucesso ao capturar os 13 indiv\u00edduos envolvidos no roubo de cargas, ap\u00f3s receberem informa\u00e7\u00f5es do Servi\u00e7o de Intelig\u00eancia do 27\u00ba BPM.&nbsp;Durante as dilig\u00eancias, os agentes tamb\u00e9m localizaram a carreta que havia sido roubada na noite de segunda-feira, 8, em Paula Freitas, pr\u00f3xima ao posto Carret\u00e3o.<\/p>\n\n\n\n<p>Desde o roubo, as equipes policiais estavam empenhadas na busca pelos criminosos.&nbsp;A carreta foi encontrada sendo descarregada em um barrac\u00e3o na Rua Jo\u00e3o Maria Bueno, em Paula Freitas, onde alguns suspeitos foram detidos no local, enquanto outros conseguiram fugir.<\/p>\n\n\n\n<figure class=\"wp-block-image size-full\"><img decoding=\"async\" src=\"https:\/\/radiostudiow.com.br\/site\/wp-content\/uploads\/2024\/04\/image-48.png\" alt=\"\" class=\"wp-image-21405\"\/><\/figure>\n\n\n\n<p>As a\u00e7\u00f5es continuaram e, ter\u00e7a-feira, 9, os esfor\u00e7os das equipes resultaram na pris\u00e3o dos indiv\u00edduos, totalizando 13 deten\u00e7\u00f5es, al\u00e9m da recupera\u00e7\u00e3o da carreta e da carga. Os nomes dos envolvidos n\u00e3o foram divulgados, uma vez que as investiga\u00e7\u00f5es ainda est\u00e3o em andamento.<\/p>\n\n\n\n<p><strong>A parte da carga recuperada pelas equipes foi avaliada em aproximadamente R$ 6 milh\u00f5es.<\/strong>&nbsp;Ao todo foram 13 indiv\u00edduos encaminhados pelo envolvimento na situa\u00e7\u00e3o, tr\u00eas autom\u00f3veis, dois caminh\u00f5es, diversos celulares bem como R$ 4.000,00 em esp\u00e9cie.. O resultado positivo da opera\u00e7\u00e3o s\u00f3 foi poss\u00edvel gra\u00e7as ao apoio de moradores da regi\u00e3o que forneceram informa\u00e7\u00f5es e realizaram den\u00fancias \u00e0s equipes da Pol\u00edcia Militar.\u201d<\/p>\n\n\n\n<p>Contato para den\u00fancias: (42) 3523-2307 \u2013 WhatsApp<\/p>\n\n\n\n<figure class=\"wp-block-image size-full\"><img loading=\"lazy\" decoding=\"async\" width=\"768\" height=\"1024\" src=\"https:\/\/radiostudiow.com.br\/site\/wp-content\/uploads\/2024\/04\/image-52.png\" alt=\"\" class=\"wp-image-21408\" srcset=\"https:\/\/radiostudiow.com.br\/site\/wp-content\/uploads\/2024\/04\/image-52.png 768w, https:\/\/radiostudiow.com.br\/site\/wp-content\/uploads\/2024\/04\/image-52-225x300.png 225w\" sizes=\"auto, (max-width: 768px) 100vw, 768px\" \/><\/figure>\n\n\n\n<figure class=\"wp-block-image size-full\"><img loading=\"lazy\" decoding=\"async\" width=\"1024\" height=\"768\" src=\"https:\/\/radiostudiow.com.br\/site\/wp-content\/uploads\/2024\/04\/image-53.png\" alt=\"\" class=\"wp-image-21409\" srcset=\"https:\/\/radiostudiow.com.br\/site\/wp-content\/uploads\/2024\/04\/image-53.png 1024w, https:\/\/radiostudiow.com.br\/site\/wp-content\/uploads\/2024\/04\/image-53-300x225.png 300w, https:\/\/radiostudiow.com.br\/site\/wp-content\/uploads\/2024\/04\/image-53-768x576.png 768w\" sizes=\"auto, (max-width: 1024px) 100vw, 1024px\" \/><\/figure>\n\n\n\n<figure class=\"wp-block-image size-full\"><img loading=\"lazy\" decoding=\"async\" width=\"1024\" height=\"768\" src=\"https:\/\/radiostudiow.com.br\/site\/wp-content\/uploads\/2024\/04\/image-56.png\" alt=\"\" class=\"wp-image-21410\" srcset=\"https:\/\/radiostudiow.com.br\/site\/wp-content\/uploads\/2024\/04\/image-56.png 1024w, https:\/\/radiostudiow.com.br\/site\/wp-content\/uploads\/2024\/04\/image-56-300x225.png 300w, https:\/\/radiostudiow.com.br\/site\/wp-content\/uploads\/2024\/04\/image-56-768x576.png 768w\" sizes=\"auto, (max-width: 1024px) 100vw, 1024px\" \/><\/figure>\n\n\n\n<figure class=\"wp-block-image size-full\"><img loading=\"lazy\" decoding=\"async\" width=\"1024\" height=\"768\" src=\"https:\/\/radiostudiow.com.br\/site\/wp-content\/uploads\/2024\/04\/image-57.png\" alt=\"\" class=\"wp-image-21412\" srcset=\"https:\/\/radiostudiow.com.br\/site\/wp-content\/uploads\/2024\/04\/image-57.png 1024w, https:\/\/radiostudiow.com.br\/site\/wp-content\/uploads\/2024\/04\/image-57-300x225.png 300w, https:\/\/radiostudiow.com.br\/site\/wp-content\/uploads\/2024\/04\/image-57-768x576.png 768w\" sizes=\"auto, (max-width: 1024px) 100vw, 1024px\" \/><\/figure>\n\n\n\n<p>Fonte: Portal RDX<\/p>\n","protected":false},"excerpt":{"rendered":"<p>Uma opera\u00e7\u00e3o intensiva da Pol\u00edcia Militar na regi\u00e3o de S\u00e3o Mateus do Sul culminou na&nbsp;pris\u00e3o de 13 suspeitos ligados a roubos de cargas.&nbsp;Al\u00e9m das deten\u00e7\u00f5es,&nbsp;as autoridades tamb\u00e9m conseguiram recuperar uma carreta que havia sido roubada em Paula Freitas. Segundo informa\u00e7\u00f5es obtidas, as equipes policiais obtiveram sucesso ao capturar os 13 indiv\u00edduos envolvidos no roubo de [&hellip;]<\/p>\n","protected":false},"author":2,"featured_media":21413,"comment_status":"open","ping_status":"open","sticky":false,"template":"","format":"standard","meta":{"footnotes":""},"categories":[2],"tags":[172],"class_list":["post-21403","post","type-post","status-publish","format-standard","has-post-thumbnail","hentry","category-policial","tag-featured"],"amp_enabled":true,"_links":{"self":[{"href":"https:\/\/radiostudiow.com.br\/site\/wp-json\/wp\/v2\/posts\/21403","targetHints":{"allow":["GET"]}}],"collection":[{"href":"https:\/\/radiostudiow.com.br\/site\/wp-json\/wp\/v2\/posts"}],"about":[{"href":"https:\/\/radiostudiow.com.br\/site\/wp-json\/wp\/v2\/types\/post"}],"author":[{"embeddable":true,"href":"https:\/\/radiostudiow.com.br\/site\/wp-json\/wp\/v2\/users\/2"}],"replies":[{"embeddable":true,"href":"https:\/\/radiostudiow.com.br\/site\/wp-json\/wp\/v2\/comments?post=21403"}],"version-history":[{"count":2,"href":"https:\/\/radiostudiow.com.br\/site\/wp-json\/wp\/v2\/posts\/21403\/revisions"}],"predecessor-version":[{"id":21414,"href":"https:\/\/radiostudiow.com.br\/site\/wp-json\/wp\/v2\/posts\/21403\/revisions\/21414"}],"wp:featuredmedia":[{"embeddable":true,"href":"https:\/\/radiostudiow.com.br\/site\/wp-json\/wp\/v2\/media\/21413"}],"wp:attachment":[{"href":"https:\/\/radiostudiow.com.br\/site\/wp-json\/wp\/v2\/media?parent=21403"}],"wp:term":[{"taxonomy":"category","embeddable":true,"href":"https:\/\/radiostudiow.com.br\/site\/wp-json\/wp\/v2\/categories?post=21403"},{"taxonomy":"post_tag","embeddable":true,"href":"https:\/\/radiostudiow.com.br\/site\/wp-json\/wp\/v2\/tags?post=21403"}],"curies":[{"name":"wp","href":"https:\/\/api.w.org\/{rel}","templated":true}]}}