{"id":21422,"date":"2024-04-11T21:04:31","date_gmt":"2024-04-12T00:04:31","guid":{"rendered":"https:\/\/radiostudiow.com.br\/site\/?p=21422"},"modified":"2025-01-31T14:59:27","modified_gmt":"2025-01-31T17:59:27","slug":"tres-homens-foram-presos-com-drogas-e-arma-de-fogo-em-sao-mateus-do-sul","status":"publish","type":"post","link":"https:\/\/radiostudiow.com.br\/site\/2024\/04\/11\/tres-homens-foram-presos-com-drogas-e-arma-de-fogo-em-sao-mateus-do-sul\/","title":{"rendered":"Tres homens foram presos com drogas e arma de fogo em S\u00e3o Mateus do Sul"},"content":{"rendered":"\n<p><strong>Tres homens foram presos com drogas e arma de fogo em S\u00e3o Mateus do Sul<\/strong><\/p>\n\n\n\n<p>A equipe da equipe da Pol\u00edcia Militar de S\u00e3o Mateus do Sul recebeu informa\u00e7\u00f5es via copom de que um ve\u00edculo Gol vermelho estaria distribuindo drogas pelo centro da cidade e tamb\u00e9m que um dos ocupantes estaria armado.<\/p>\n\n\n\n<figure class=\"wp-block-image size-full\"><img decoding=\"async\" src=\"https:\/\/radiostudiow.com.br\/site\/wp-content\/uploads\/2024\/04\/image-68.png\" alt=\"\" class=\"wp-image-21461\"\/><\/figure>\n\n\n\n<p>Por volta das 13:30 horas nesta quarta-feira, 10 de abril,&nbsp;a equipe realizou buscas e localizou o ve\u00edculo com as caracter\u00edsticas parado na rua evaldo gaesley na vila amaral. Pr\u00f3ximo ao muro de uma resid\u00eancia estavam tr\u00eas homens que ao avistarem os policiais correram para dentro da garagem e quintal.<\/p>\n\n\n\n<p>Foi dado voz de abordagem aos masculinos e realizado busca pessoal \u00a0e \u00a0veicular o qual foram encontrados um \u00a0simulacro de arma de fogo, certa quantia em dinheiro, subst\u00e2ncia as an\u00e1loga a crack, tamb\u00e9m subst\u00e2ncia an\u00e1loga a coca\u00edna e um comprimido de ecstasy no porta luvas.<\/p>\n\n\n\n<figure class=\"wp-block-image size-full\"><img decoding=\"async\" src=\"https:\/\/radiostudiow.com.br\/site\/wp-content\/uploads\/2024\/04\/image-69.png\" alt=\"\" class=\"wp-image-21462\"\/><\/figure>\n\n\n\n<p>Diante da situa\u00e7\u00e3o foi dado voz de pris\u00e3o aos mesmos e conduzidos at\u00e9 a 3\u00aa SDP.<\/p>\n","protected":false},"excerpt":{"rendered":"<p>Tres homens foram presos com drogas e arma de fogo em S\u00e3o Mateus do Sul A equipe da equipe da Pol\u00edcia Militar de S\u00e3o Mateus do Sul recebeu informa\u00e7\u00f5es via copom de que um ve\u00edculo Gol vermelho estaria distribuindo drogas pelo centro da cidade e tamb\u00e9m que um dos ocupantes estaria armado. Por volta das [&hellip;]<\/p>\n","protected":false},"author":2,"featured_media":21439,"comment_status":"open","ping_status":"open","sticky":false,"template":"","format":"standard","meta":{"footnotes":""},"categories":[2],"tags":[172],"class_list":["post-21422","post","type-post","status-publish","format-standard","has-post-thumbnail","hentry","category-policial","tag-featured"],"amp_enabled":true,"_links":{"self":[{"href":"https:\/\/radiostudiow.com.br\/site\/wp-json\/wp\/v2\/posts\/21422","targetHints":{"allow":["GET"]}}],"collection":[{"href":"https:\/\/radiostudiow.com.br\/site\/wp-json\/wp\/v2\/posts"}],"about":[{"href":"https:\/\/radiostudiow.com.br\/site\/wp-json\/wp\/v2\/types\/post"}],"author":[{"embeddable":true,"href":"https:\/\/radiostudiow.com.br\/site\/wp-json\/wp\/v2\/users\/2"}],"replies":[{"embeddable":true,"href":"https:\/\/radiostudiow.com.br\/site\/wp-json\/wp\/v2\/comments?post=21422"}],"version-history":[{"count":3,"href":"https:\/\/radiostudiow.com.br\/site\/wp-json\/wp\/v2\/posts\/21422\/revisions"}],"predecessor-version":[{"id":21463,"href":"https:\/\/radiostudiow.com.br\/site\/wp-json\/wp\/v2\/posts\/21422\/revisions\/21463"}],"wp:featuredmedia":[{"embeddable":true,"href":"https:\/\/radiostudiow.com.br\/site\/wp-json\/wp\/v2\/media\/21439"}],"wp:attachment":[{"href":"https:\/\/radiostudiow.com.br\/site\/wp-json\/wp\/v2\/media?parent=21422"}],"wp:term":[{"taxonomy":"category","embeddable":true,"href":"https:\/\/radiostudiow.com.br\/site\/wp-json\/wp\/v2\/categories?post=21422"},{"taxonomy":"post_tag","embeddable":true,"href":"https:\/\/radiostudiow.com.br\/site\/wp-json\/wp\/v2\/tags?post=21422"}],"curies":[{"name":"wp","href":"https:\/\/api.w.org\/{rel}","templated":true}]}}