{"id":21424,"date":"2024-04-11T10:11:39","date_gmt":"2024-04-11T13:11:39","guid":{"rendered":"https:\/\/radiostudiow.com.br\/site\/?p=21424"},"modified":"2025-01-31T14:59:27","modified_gmt":"2025-01-31T17:59:27","slug":"morador-de-general-carneiro-esta-desaparecido-ultima-vez-foi-visto-entrando-em-carro-de-um-desconhecido","status":"publish","type":"post","link":"https:\/\/radiostudiow.com.br\/site\/2024\/04\/11\/morador-de-general-carneiro-esta-desaparecido-ultima-vez-foi-visto-entrando-em-carro-de-um-desconhecido\/","title":{"rendered":"Morador de General Carneiro est\u00e1 desaparecido. \u00daltima vez foi visto entrando em carro de um desconhecido"},"content":{"rendered":"\n<p>Uma senhora compareceu ao destacamento da Pol\u00edcia Militar de General Carneiro por volta das 21 horas desta ter\u00e7a-feira, 09 de abril, para relatar o desaparecimento de seu pai.<\/p>\n\n\n\n<figure class=\"wp-block-image size-full\"><img decoding=\"async\" src=\"https:\/\/radiostudiow.com.br\/site\/wp-content\/uploads\/2024\/04\/image-59.png\" alt=\"\" class=\"wp-image-21426\"\/><\/figure>\n\n\n\n<p>A reportagem do Canal 4 TV apurou mais informa\u00e7\u00f5es sobre o homem que est\u00e1 desaparecido em General Carneiro. Ele se chama Renato Bueno dos Reis, de 58 anos de idade, morador do bairro S\u00e3o Jo\u00e3o.<\/p>\n\n\n\n<p>Segundo o relato da solicitante, seu pai estava consumindo bebidas alco\u00f3licas pr\u00f3ximo ao viaduto de acesso \u00e0 cidade quando entrou em um ve\u00edculo desconhecido e seguiu em dire\u00e7\u00e3o \u00e0 cidade de Matos Costa. Desde ent\u00e3o, n\u00e3o houve mais not\u00edcias sobre seu paradeiro, o que tem deixado a fam\u00edlia preocupada com sua integridade.<\/p>\n\n\n\n<figure class=\"wp-block-image size-full\"><img decoding=\"async\" src=\"https:\/\/radiostudiow.com.br\/site\/wp-content\/uploads\/2024\/04\/image-60.png\" alt=\"\" class=\"wp-image-21427\"\/><\/figure>\n\n\n\n<p>Diante dessa situa\u00e7\u00e3o, a senhora foi orientada quanto aos procedimentos cab\u00edveis a serem tomados diante do desaparecimento de seu familiar.<\/p>\n\n\n\n<p>O caso est\u00e1 sendo investigado pelas autoridades locais.<\/p>\n","protected":false},"excerpt":{"rendered":"<p>Uma senhora compareceu ao destacamento da Pol\u00edcia Militar de General Carneiro por volta das 21 horas desta ter\u00e7a-feira, 09 de abril, para relatar o desaparecimento de seu pai. A reportagem do Canal 4 TV apurou mais informa\u00e7\u00f5es sobre o homem que est\u00e1 desaparecido em General Carneiro. Ele se chama Renato Bueno dos Reis, de 58 [&hellip;]<\/p>\n","protected":false},"author":2,"featured_media":21425,"comment_status":"open","ping_status":"open","sticky":false,"template":"","format":"standard","meta":{"footnotes":""},"categories":[2],"tags":[172],"class_list":["post-21424","post","type-post","status-publish","format-standard","has-post-thumbnail","hentry","category-policial","tag-featured"],"amp_enabled":true,"_links":{"self":[{"href":"https:\/\/radiostudiow.com.br\/site\/wp-json\/wp\/v2\/posts\/21424","targetHints":{"allow":["GET"]}}],"collection":[{"href":"https:\/\/radiostudiow.com.br\/site\/wp-json\/wp\/v2\/posts"}],"about":[{"href":"https:\/\/radiostudiow.com.br\/site\/wp-json\/wp\/v2\/types\/post"}],"author":[{"embeddable":true,"href":"https:\/\/radiostudiow.com.br\/site\/wp-json\/wp\/v2\/users\/2"}],"replies":[{"embeddable":true,"href":"https:\/\/radiostudiow.com.br\/site\/wp-json\/wp\/v2\/comments?post=21424"}],"version-history":[{"count":1,"href":"https:\/\/radiostudiow.com.br\/site\/wp-json\/wp\/v2\/posts\/21424\/revisions"}],"predecessor-version":[{"id":21428,"href":"https:\/\/radiostudiow.com.br\/site\/wp-json\/wp\/v2\/posts\/21424\/revisions\/21428"}],"wp:featuredmedia":[{"embeddable":true,"href":"https:\/\/radiostudiow.com.br\/site\/wp-json\/wp\/v2\/media\/21425"}],"wp:attachment":[{"href":"https:\/\/radiostudiow.com.br\/site\/wp-json\/wp\/v2\/media?parent=21424"}],"wp:term":[{"taxonomy":"category","embeddable":true,"href":"https:\/\/radiostudiow.com.br\/site\/wp-json\/wp\/v2\/categories?post=21424"},{"taxonomy":"post_tag","embeddable":true,"href":"https:\/\/radiostudiow.com.br\/site\/wp-json\/wp\/v2\/tags?post=21424"}],"curies":[{"name":"wp","href":"https:\/\/api.w.org\/{rel}","templated":true}]}}