{"id":21435,"date":"2024-04-11T10:39:28","date_gmt":"2024-04-11T13:39:28","guid":{"rendered":"https:\/\/radiostudiow.com.br\/site\/?p=21435"},"modified":"2025-01-31T14:59:27","modified_gmt":"2025-01-31T17:59:27","slug":"homem-em-paulo-frontin-relata-ameaca-de-incendio-em-sua-residencia-por-causa-de-acao-trabalhista","status":"publish","type":"post","link":"https:\/\/radiostudiow.com.br\/site\/2024\/04\/11\/homem-em-paulo-frontin-relata-ameaca-de-incendio-em-sua-residencia-por-causa-de-acao-trabalhista\/","title":{"rendered":"Homem em Paulo Frontin Relata Amea\u00e7a de Inc\u00eandio em sua Resid\u00eancia por Causa de A\u00e7\u00e3o Trabalhista"},"content":{"rendered":"\n<p>Na cidade de Paulo Frontin, um morador procurou a Pol\u00edcia Militar, alarmado com uma amea\u00e7a perturbadora que recebeu em sua pr\u00f3pria casa.<\/p>\n\n\n\n<figure class=\"wp-block-image size-full\"><img decoding=\"async\" src=\"https:\/\/radiostudiow.com.br\/site\/wp-content\/uploads\/2024\/04\/image-65.png\" alt=\"\" class=\"wp-image-21444\"\/><\/figure>\n\n\n\n<p>&nbsp;Segundo o relato do indiv\u00edduo, um desconhecido esteve em sua resid\u00eancia durante o per\u00edodo da manh\u00e3, fazendo amea\u00e7as s\u00e9rias.<\/p>\n\n\n\n<p>O homem afirmou \u00e0 pol\u00edcia que o intruso o amea\u00e7ou verbalmente, declarando que incendiaria sua resid\u00eancia se ele n\u00e3o retirasse uma a\u00e7\u00e3o trabalhista que est\u00e1 em curso contra ele. A situa\u00e7\u00e3o, sem d\u00favida, gerou preocupa\u00e7\u00e3o e medo no morador, que buscou imediatamente a ajuda das autoridades.<\/p>\n\n\n\n<figure class=\"wp-block-image size-full\"><img decoding=\"async\" src=\"https:\/\/radiostudiow.com.br\/site\/wp-content\/uploads\/2024\/04\/image-66.png\" alt=\"\" class=\"wp-image-21445\"\/><\/figure>\n\n\n\n<p>Diante da gravidade do ocorrido, as autoridades policiais tomaram medidas imediatas para garantir a seguran\u00e7a do morador e sua propriedade.&nbsp;<\/p>\n\n\n\n<p>Foram fornecidas orienta\u00e7\u00f5es legais adequadas ao caso.<\/p>\n\n\n\n<p>FONTE: 27\u00baBPM<\/p>\n","protected":false},"excerpt":{"rendered":"<p>Na cidade de Paulo Frontin, um morador procurou a Pol\u00edcia Militar, alarmado com uma amea\u00e7a perturbadora que recebeu em sua pr\u00f3pria casa. &nbsp;Segundo o relato do indiv\u00edduo, um desconhecido esteve em sua resid\u00eancia durante o per\u00edodo da manh\u00e3, fazendo amea\u00e7as s\u00e9rias. O homem afirmou \u00e0 pol\u00edcia que o intruso o amea\u00e7ou verbalmente, declarando que incendiaria [&hellip;]<\/p>\n","protected":false},"author":2,"featured_media":0,"comment_status":"open","ping_status":"open","sticky":false,"template":"","format":"standard","meta":{"footnotes":""},"categories":[2],"tags":[172],"class_list":["post-21435","post","type-post","status-publish","format-standard","hentry","category-policial","tag-featured"],"amp_enabled":true,"_links":{"self":[{"href":"https:\/\/radiostudiow.com.br\/site\/wp-json\/wp\/v2\/posts\/21435","targetHints":{"allow":["GET"]}}],"collection":[{"href":"https:\/\/radiostudiow.com.br\/site\/wp-json\/wp\/v2\/posts"}],"about":[{"href":"https:\/\/radiostudiow.com.br\/site\/wp-json\/wp\/v2\/types\/post"}],"author":[{"embeddable":true,"href":"https:\/\/radiostudiow.com.br\/site\/wp-json\/wp\/v2\/users\/2"}],"replies":[{"embeddable":true,"href":"https:\/\/radiostudiow.com.br\/site\/wp-json\/wp\/v2\/comments?post=21435"}],"version-history":[{"count":2,"href":"https:\/\/radiostudiow.com.br\/site\/wp-json\/wp\/v2\/posts\/21435\/revisions"}],"predecessor-version":[{"id":21447,"href":"https:\/\/radiostudiow.com.br\/site\/wp-json\/wp\/v2\/posts\/21435\/revisions\/21447"}],"wp:attachment":[{"href":"https:\/\/radiostudiow.com.br\/site\/wp-json\/wp\/v2\/media?parent=21435"}],"wp:term":[{"taxonomy":"category","embeddable":true,"href":"https:\/\/radiostudiow.com.br\/site\/wp-json\/wp\/v2\/categories?post=21435"},{"taxonomy":"post_tag","embeddable":true,"href":"https:\/\/radiostudiow.com.br\/site\/wp-json\/wp\/v2\/tags?post=21435"}],"curies":[{"name":"wp","href":"https:\/\/api.w.org\/{rel}","templated":true}]}}