{"id":21460,"date":"2024-04-11T21:11:11","date_gmt":"2024-04-12T00:11:11","guid":{"rendered":"https:\/\/radiostudiow.com.br\/site\/?p=21460"},"modified":"2025-01-31T14:59:27","modified_gmt":"2025-01-31T17:59:27","slug":"homem-e-encontrado-com-varias-facadas-pelo-corpo-proximo-a-rodoviaria-de-uniao-da-vitoria","status":"publish","type":"post","link":"https:\/\/radiostudiow.com.br\/site\/2024\/04\/11\/homem-e-encontrado-com-varias-facadas-pelo-corpo-proximo-a-rodoviaria-de-uniao-da-vitoria\/","title":{"rendered":"Homem \u00e9 encontrado com v\u00e1rias facadas pelo corpo pr\u00f3ximo a rodovi\u00e1ria de Uni\u00e3o da Vit\u00f3ria"},"content":{"rendered":"\n<p>Nas proximidades da rodovi\u00e1ria municipal de Uni\u00e3o da Vit\u00f3ria a equipe policial foi acionada, por volta das 19:30h desta quarta-feira (10), por um seguran\u00e7a que informou que apareceu na rodovi\u00e1ria municipal um morador de rua com v\u00e1rias facadas pelo corpo.<\/p>\n\n\n\n<figure class=\"wp-block-image size-full\"><img decoding=\"async\" src=\"https:\/\/radiostudiow.com.br\/site\/wp-content\/uploads\/2024\/04\/image-72.png\" alt=\"\" class=\"wp-image-21468\"\/><\/figure>\n\n\n\n<p>De imediato a equipe policial deslocou ao local onde deu o primeiro atendimento ao cidad\u00e3o, acionando a equipe do Corpo de Bombeiros.<\/p>\n\n\n\n<p>Na sequ\u00eancia a equipe policial saiu em dilig\u00eancia na tentativa de localizar o autor do fato que seria um indiv\u00edduo com cal\u00e7a e camisa preta.<\/p>\n\n\n\n<p>Ap\u00f3s patrulhamento nas imedia\u00e7\u00f5es nenhuma pessoa com essas caracter\u00edsticas foi localizada. No local compareceu a equipe do Corpo de Bombeiros que deu o atendimento necess\u00e1rio a v\u00edtima de 38 anos e encaminhando para cuidados m\u00e9dicos at\u00e9 o hospital APMI.<\/p>\n\n\n\n<figure class=\"wp-block-image size-large\"><img decoding=\"async\" src=\"https:\/\/radiostudiow.com.br\/site\/wp-content\/uploads\/2024\/04\/image-73-1024x1024.png\" alt=\"\" class=\"wp-image-21469\"\/><\/figure>\n\n\n\n<p>Fonte: Portal Cidade<\/p>\n","protected":false},"excerpt":{"rendered":"<p>Nas proximidades da rodovi\u00e1ria municipal de Uni\u00e3o da Vit\u00f3ria a equipe policial foi acionada, por volta das 19:30h desta quarta-feira (10), por um seguran\u00e7a que informou que apareceu na rodovi\u00e1ria municipal um morador de rua com v\u00e1rias facadas pelo corpo. De imediato a equipe policial deslocou ao local onde deu o primeiro atendimento ao cidad\u00e3o, [&hellip;]<\/p>\n","protected":false},"author":2,"featured_media":0,"comment_status":"open","ping_status":"open","sticky":false,"template":"","format":"standard","meta":{"footnotes":""},"categories":[2],"tags":[172],"class_list":["post-21460","post","type-post","status-publish","format-standard","hentry","category-policial","tag-featured"],"amp_enabled":true,"_links":{"self":[{"href":"https:\/\/radiostudiow.com.br\/site\/wp-json\/wp\/v2\/posts\/21460","targetHints":{"allow":["GET"]}}],"collection":[{"href":"https:\/\/radiostudiow.com.br\/site\/wp-json\/wp\/v2\/posts"}],"about":[{"href":"https:\/\/radiostudiow.com.br\/site\/wp-json\/wp\/v2\/types\/post"}],"author":[{"embeddable":true,"href":"https:\/\/radiostudiow.com.br\/site\/wp-json\/wp\/v2\/users\/2"}],"replies":[{"embeddable":true,"href":"https:\/\/radiostudiow.com.br\/site\/wp-json\/wp\/v2\/comments?post=21460"}],"version-history":[{"count":2,"href":"https:\/\/radiostudiow.com.br\/site\/wp-json\/wp\/v2\/posts\/21460\/revisions"}],"predecessor-version":[{"id":21470,"href":"https:\/\/radiostudiow.com.br\/site\/wp-json\/wp\/v2\/posts\/21460\/revisions\/21470"}],"wp:attachment":[{"href":"https:\/\/radiostudiow.com.br\/site\/wp-json\/wp\/v2\/media?parent=21460"}],"wp:term":[{"taxonomy":"category","embeddable":true,"href":"https:\/\/radiostudiow.com.br\/site\/wp-json\/wp\/v2\/categories?post=21460"},{"taxonomy":"post_tag","embeddable":true,"href":"https:\/\/radiostudiow.com.br\/site\/wp-json\/wp\/v2\/tags?post=21460"}],"curies":[{"name":"wp","href":"https:\/\/api.w.org\/{rel}","templated":true}]}}