{"id":21471,"date":"2024-04-11T21:14:49","date_gmt":"2024-04-12T00:14:49","guid":{"rendered":"https:\/\/radiostudiow.com.br\/site\/?p=21471"},"modified":"2025-01-31T14:59:27","modified_gmt":"2025-01-31T17:59:27","slug":"apreensao-de-245-quilos-de-maconha-na-br-277-em-irati","status":"publish","type":"post","link":"https:\/\/radiostudiow.com.br\/site\/2024\/04\/11\/apreensao-de-245-quilos-de-maconha-na-br-277-em-irati\/","title":{"rendered":"APREENS\u00c3O DE 245 QUILOS DE MACONHA NA BR 277 EM IRATI\u00a0"},"content":{"rendered":"\n<p>Na manh\u00e3 desta quinta-feira (11, \u00e0s 9h45, Policiais Rodovi\u00e1rios Federais abordaram um VW Gol, placas de Florian\u00f3polis, no km 245, da BR 277, em Irati, A condutora, de 39 anos, relatou que transportava maconha no do ve\u00edculo.\u00a0<\/p>\n\n\n\n<figure class=\"wp-block-image size-full\"><img decoding=\"async\" src=\"https:\/\/radiostudiow.com.br\/site\/wp-content\/uploads\/2024\/04\/image-74.png\" alt=\"\" class=\"wp-image-21473\"\/><\/figure>\n\n\n\n<p>Ap\u00f3s verificar a veracidade da informa\u00e7\u00e3o, na vistoria foram encontrados 245 quilos de maconha. A mulher afirmou ter pego o carro carregado em Foz do Igua\u00e7u e o levaria para Bigua\u00e7u\/Santa Catarina.<\/p>\n\n\n\n<p>O ve\u00edculo, a envolvida e a droga foram encaminhados para a Pol\u00edcia Civil de Irati.<\/p>\n\n\n\n<figure class=\"wp-block-image size-full\"><img decoding=\"async\" src=\"https:\/\/radiostudiow.com.br\/site\/wp-content\/uploads\/2024\/04\/image-75.png\" alt=\"\" class=\"wp-image-21474\"\/><\/figure>\n\n\n\n<p>Informa\u00e7\u00f5es e imagem: PRF<\/p>\n","protected":false},"excerpt":{"rendered":"<p>Na manh\u00e3 desta quinta-feira (11, \u00e0s 9h45, Policiais Rodovi\u00e1rios Federais abordaram um VW Gol, placas de Florian\u00f3polis, no km 245, da BR 277, em Irati, A condutora, de 39 anos, relatou que transportava maconha no do ve\u00edculo.\u00a0 Ap\u00f3s verificar a veracidade da informa\u00e7\u00e3o, na vistoria foram encontrados 245 quilos de maconha. A mulher afirmou ter [&hellip;]<\/p>\n","protected":false},"author":2,"featured_media":0,"comment_status":"open","ping_status":"open","sticky":false,"template":"","format":"standard","meta":{"footnotes":""},"categories":[2],"tags":[172],"class_list":["post-21471","post","type-post","status-publish","format-standard","hentry","category-policial","tag-featured"],"amp_enabled":true,"_links":{"self":[{"href":"https:\/\/radiostudiow.com.br\/site\/wp-json\/wp\/v2\/posts\/21471","targetHints":{"allow":["GET"]}}],"collection":[{"href":"https:\/\/radiostudiow.com.br\/site\/wp-json\/wp\/v2\/posts"}],"about":[{"href":"https:\/\/radiostudiow.com.br\/site\/wp-json\/wp\/v2\/types\/post"}],"author":[{"embeddable":true,"href":"https:\/\/radiostudiow.com.br\/site\/wp-json\/wp\/v2\/users\/2"}],"replies":[{"embeddable":true,"href":"https:\/\/radiostudiow.com.br\/site\/wp-json\/wp\/v2\/comments?post=21471"}],"version-history":[{"count":1,"href":"https:\/\/radiostudiow.com.br\/site\/wp-json\/wp\/v2\/posts\/21471\/revisions"}],"predecessor-version":[{"id":21475,"href":"https:\/\/radiostudiow.com.br\/site\/wp-json\/wp\/v2\/posts\/21471\/revisions\/21475"}],"wp:attachment":[{"href":"https:\/\/radiostudiow.com.br\/site\/wp-json\/wp\/v2\/media?parent=21471"}],"wp:term":[{"taxonomy":"category","embeddable":true,"href":"https:\/\/radiostudiow.com.br\/site\/wp-json\/wp\/v2\/categories?post=21471"},{"taxonomy":"post_tag","embeddable":true,"href":"https:\/\/radiostudiow.com.br\/site\/wp-json\/wp\/v2\/tags?post=21471"}],"curies":[{"name":"wp","href":"https:\/\/api.w.org\/{rel}","templated":true}]}}