{"id":21477,"date":"2024-04-12T09:23:18","date_gmt":"2024-04-12T12:23:18","guid":{"rendered":"https:\/\/radiostudiow.com.br\/site\/?p=21477"},"modified":"2025-01-31T14:59:27","modified_gmt":"2025-01-31T17:59:27","slug":"21477","status":"publish","type":"post","link":"https:\/\/radiostudiow.com.br\/site\/2024\/04\/12\/21477\/","title":{"rendered":"Confira a programa\u00e7\u00e3o do Dia D da Vacina\u00e7\u00e3o em Mallet"},"content":{"rendered":"\n<p>A campanha de vacina\u00e7\u00e3o contra a gripe no munic\u00edpio de Mallet! e vai at\u00e9 31 de maio! Procure sua UBS em qualquer dia da semana ou em hor\u00e1rios especiais, quando estaremos abertos para a imuniza\u00e7\u00e3o, inclusive para os trabalhadores do hor\u00e1rio comercial. Confira na imagem os grupos priorit\u00e1rios que devem procurar a vacina neste momento.<\/p>\n\n\n\n<figure class=\"wp-block-image size-full\"><img decoding=\"async\" src=\"https:\/\/radiostudiow.com.br\/site\/wp-content\/uploads\/2024\/04\/image-76.png\" alt=\"\" class=\"wp-image-21481\"\/><\/figure>\n\n\n\n<p>E no dia 13 de abril, s\u00e1bado, todas as UBS estar\u00e3o abertas das 08 horas \u00e0s 16 horas para te atender, ou nossas equipes ir\u00e3o at\u00e9 sua casa se voc\u00ea for um usu\u00e1rio domiciliado ou acamado.<\/p>\n\n\n\n<p><strong>Hor\u00e1rios noturnos das 17 horas \u00e0s 20 horas:<\/strong><\/p>\n\n\n\n<p>&#8211; ESF 02 (Antiga Sentinela) &#8211; 10\/04<\/p>\n\n\n\n<p>&#8211; ESF Vereador Alcides de Almeida &#8211; 17\/04<\/p>\n\n\n\n<p>&#8211; ESF 01 (Perto do Hospital S\u00e3o Pedro) &#8211; 24\/04<\/p>\n\n\n\n<p>&#8211; ESF 02, Vereador Alcides de Almeida, Dorizon e Rio Claro do Sul &#8211; 26\/04<\/p>\n\n\n\n<p>&#8211; ESF 01 &#8211; 25\/04<\/p>\n\n\n\n<p><strong>N\u00e3o esque\u00e7a de levar um documento com foto e sua carteirinha de vacina\u00e7\u00e3o!<\/strong><\/p>\n\n\n\n<figure class=\"wp-block-image size-full\"><img decoding=\"async\" src=\"https:\/\/radiostudiow.com.br\/site\/wp-content\/uploads\/2024\/04\/image-77.png\" alt=\"\" class=\"wp-image-21482\"\/><\/figure>\n\n\n\n<p>Voc\u00ea sabia que a carteirinha de vacina\u00e7\u00e3o \u00e9 um documento? Se voc\u00ea perdeu a sua, deve realizar um boletim de ocorr\u00eancia e lev\u00e1-lo at\u00e9 sua UBS para que possamos fazer uma segunda via ou iniciar o esquema vacinal conforme sua idade.<\/p>\n\n\n\n<p><strong>Participe da campanha e proteja-se contra a gripe!<\/strong><\/p>\n","protected":false},"excerpt":{"rendered":"<p>A campanha de vacina\u00e7\u00e3o contra a gripe no munic\u00edpio de Mallet! e vai at\u00e9 31 de maio! Procure sua UBS em qualquer dia da semana ou em hor\u00e1rios especiais, quando estaremos abertos para a imuniza\u00e7\u00e3o, inclusive para os trabalhadores do hor\u00e1rio comercial. Confira na imagem os grupos priorit\u00e1rios que devem procurar a vacina neste momento. [&hellip;]<\/p>\n","protected":false},"author":2,"featured_media":0,"comment_status":"open","ping_status":"open","sticky":false,"template":"","format":"standard","meta":{"footnotes":""},"categories":[182],"tags":[172],"class_list":["post-21477","post","type-post","status-publish","format-standard","hentry","category-saude","tag-featured"],"amp_enabled":true,"_links":{"self":[{"href":"https:\/\/radiostudiow.com.br\/site\/wp-json\/wp\/v2\/posts\/21477","targetHints":{"allow":["GET"]}}],"collection":[{"href":"https:\/\/radiostudiow.com.br\/site\/wp-json\/wp\/v2\/posts"}],"about":[{"href":"https:\/\/radiostudiow.com.br\/site\/wp-json\/wp\/v2\/types\/post"}],"author":[{"embeddable":true,"href":"https:\/\/radiostudiow.com.br\/site\/wp-json\/wp\/v2\/users\/2"}],"replies":[{"embeddable":true,"href":"https:\/\/radiostudiow.com.br\/site\/wp-json\/wp\/v2\/comments?post=21477"}],"version-history":[{"count":2,"href":"https:\/\/radiostudiow.com.br\/site\/wp-json\/wp\/v2\/posts\/21477\/revisions"}],"predecessor-version":[{"id":21483,"href":"https:\/\/radiostudiow.com.br\/site\/wp-json\/wp\/v2\/posts\/21477\/revisions\/21483"}],"wp:attachment":[{"href":"https:\/\/radiostudiow.com.br\/site\/wp-json\/wp\/v2\/media?parent=21477"}],"wp:term":[{"taxonomy":"category","embeddable":true,"href":"https:\/\/radiostudiow.com.br\/site\/wp-json\/wp\/v2\/categories?post=21477"},{"taxonomy":"post_tag","embeddable":true,"href":"https:\/\/radiostudiow.com.br\/site\/wp-json\/wp\/v2\/tags?post=21477"}],"curies":[{"name":"wp","href":"https:\/\/api.w.org\/{rel}","templated":true}]}}