{"id":21486,"date":"2024-04-13T08:31:09","date_gmt":"2024-04-13T11:31:09","guid":{"rendered":"https:\/\/radiostudiow.com.br\/site\/?p=21486"},"modified":"2025-01-31T14:59:27","modified_gmt":"2025-01-31T17:59:27","slug":"homem-e-preso-com-arma-de-fogo-apos-denuncia-do-vizinho-em-uniao-da-vitoria","status":"publish","type":"post","link":"https:\/\/radiostudiow.com.br\/site\/2024\/04\/13\/homem-e-preso-com-arma-de-fogo-apos-denuncia-do-vizinho-em-uniao-da-vitoria\/","title":{"rendered":"Homem \u00e9 preso com arma de fogo ap\u00f3s denuncia do vizinho em Uni\u00e3o da Vit\u00f3ria"},"content":{"rendered":"\n<p>Um caso de posse de ilegal de arma de fogo mobilizou a Pol\u00edcia Militar de Uni\u00e3o da Vit\u00f3ria por volta das 11:10 horas dessa quinta-feira, 11 de abril, no bairro S\u00e3o Braz, no Distrito de S\u00e3o Crist\u00f3v\u00e3o.<\/p>\n\n\n\n<figure class=\"wp-block-image size-full\"><img decoding=\"async\" src=\"https:\/\/radiostudiow.com.br\/site\/wp-content\/uploads\/2024\/04\/image-89.png\" alt=\"\" class=\"wp-image-21509\"\/><\/figure>\n\n\n\n<p>Segundo informa\u00e7\u00f5es, um morador acionou a Pol\u00edcia relatando que seu vizinho estava alterado e armado com uma espingarda dentro de casa. A Pol\u00edcia deslocou ao endere\u00e7o e abordou o suspeito, confirmando os fatos.<\/p>\n\n\n\n<p>Foi localizada com o homem uma espingarda sem registro. Tamb\u00e9m foi encontrado um frasco contendo p\u00f3lvora, outro contendo esferas de chumbo e um terceiro contendo espoletas. O homem foi preso e conduzido at\u00e9 a delegacia.<\/p>\n","protected":false},"excerpt":{"rendered":"<p>Um caso de posse de ilegal de arma de fogo mobilizou a Pol\u00edcia Militar de Uni\u00e3o da Vit\u00f3ria por volta das 11:10 horas dessa quinta-feira, 11 de abril, no bairro S\u00e3o Braz, no Distrito de S\u00e3o Crist\u00f3v\u00e3o. Segundo informa\u00e7\u00f5es, um morador acionou a Pol\u00edcia relatando que seu vizinho estava alterado e armado com uma espingarda [&hellip;]<\/p>\n","protected":false},"author":2,"featured_media":18052,"comment_status":"open","ping_status":"open","sticky":false,"template":"","format":"standard","meta":{"footnotes":""},"categories":[2],"tags":[172],"class_list":["post-21486","post","type-post","status-publish","format-standard","has-post-thumbnail","hentry","category-policial","tag-featured"],"amp_enabled":true,"_links":{"self":[{"href":"https:\/\/radiostudiow.com.br\/site\/wp-json\/wp\/v2\/posts\/21486","targetHints":{"allow":["GET"]}}],"collection":[{"href":"https:\/\/radiostudiow.com.br\/site\/wp-json\/wp\/v2\/posts"}],"about":[{"href":"https:\/\/radiostudiow.com.br\/site\/wp-json\/wp\/v2\/types\/post"}],"author":[{"embeddable":true,"href":"https:\/\/radiostudiow.com.br\/site\/wp-json\/wp\/v2\/users\/2"}],"replies":[{"embeddable":true,"href":"https:\/\/radiostudiow.com.br\/site\/wp-json\/wp\/v2\/comments?post=21486"}],"version-history":[{"count":2,"href":"https:\/\/radiostudiow.com.br\/site\/wp-json\/wp\/v2\/posts\/21486\/revisions"}],"predecessor-version":[{"id":21510,"href":"https:\/\/radiostudiow.com.br\/site\/wp-json\/wp\/v2\/posts\/21486\/revisions\/21510"}],"wp:featuredmedia":[{"embeddable":true,"href":"https:\/\/radiostudiow.com.br\/site\/wp-json\/wp\/v2\/media\/18052"}],"wp:attachment":[{"href":"https:\/\/radiostudiow.com.br\/site\/wp-json\/wp\/v2\/media?parent=21486"}],"wp:term":[{"taxonomy":"category","embeddable":true,"href":"https:\/\/radiostudiow.com.br\/site\/wp-json\/wp\/v2\/categories?post=21486"},{"taxonomy":"post_tag","embeddable":true,"href":"https:\/\/radiostudiow.com.br\/site\/wp-json\/wp\/v2\/tags?post=21486"}],"curies":[{"name":"wp","href":"https:\/\/api.w.org\/{rel}","templated":true}]}}