{"id":21490,"date":"2024-04-13T08:33:11","date_gmt":"2024-04-13T11:33:11","guid":{"rendered":"https:\/\/radiostudiow.com.br\/site\/?p=21490"},"modified":"2025-01-31T14:59:27","modified_gmt":"2025-01-31T17:59:27","slug":"professora-de-educacao-fisica-e-agredida-por-aluno-dentro-da-sala-de-aula-em-general-carneiro","status":"publish","type":"post","link":"https:\/\/radiostudiow.com.br\/site\/2024\/04\/13\/professora-de-educacao-fisica-e-agredida-por-aluno-dentro-da-sala-de-aula-em-general-carneiro\/","title":{"rendered":"Professora de educa\u00e7\u00e3o f\u00edsica \u00e9 agredida por aluno dentro da sala de aula em General Carneiro"},"content":{"rendered":"\n<p>As equipes da Pol\u00edcia Militar e do Conselho Tutelar da cidade de General Carneiro foram mobilizadas para atender a uma ocorr\u00eancia de agress\u00e3o a uma professora dentro de sala de aula.<\/p>\n\n\n\n<figure class=\"wp-block-image size-full\"><img decoding=\"async\" src=\"https:\/\/radiostudiow.com.br\/site\/wp-content\/uploads\/2024\/04\/image-90.png\" alt=\"\" class=\"wp-image-21511\"\/><\/figure>\n\n\n\n<p>Segundo informa\u00e7\u00f5es que foram divulgadas, a situa\u00e7\u00e3o foi registrada durante essa quinta-feira, dia 11 de abril. A professora de educa\u00e7\u00e3o f\u00edsica foi agredida por um aluno com um soco nas costas. Antes disso, o aluno j\u00e1 havia agredido outro colega.<\/p>\n\n\n\n<p>A professora registrou o caso e relatou que essa n\u00e3o foi a primeira vez que viu o aluno agressivo e disse temer pela sua integridade f\u00edsica. Ela tamb\u00e9m foi at\u00e9 o Pronto Atendimento onde passo por consulta m\u00e9dica. O caso foi registrado e ser\u00e3o adotadas as medidas cab\u00edveis.<\/p>\n\n\n\n<figure class=\"wp-block-image size-full\"><img decoding=\"async\" src=\"https:\/\/radiostudiow.com.br\/site\/wp-content\/uploads\/2024\/04\/image-91.png\" alt=\"\" class=\"wp-image-21512\"\/><\/figure>\n","protected":false},"excerpt":{"rendered":"<p>As equipes da Pol\u00edcia Militar e do Conselho Tutelar da cidade de General Carneiro foram mobilizadas para atender a uma ocorr\u00eancia de agress\u00e3o a uma professora dentro de sala de aula. Segundo informa\u00e7\u00f5es que foram divulgadas, a situa\u00e7\u00e3o foi registrada durante essa quinta-feira, dia 11 de abril. A professora de educa\u00e7\u00e3o f\u00edsica foi agredida por [&hellip;]<\/p>\n","protected":false},"author":2,"featured_media":0,"comment_status":"open","ping_status":"open","sticky":false,"template":"","format":"standard","meta":{"footnotes":""},"categories":[2],"tags":[172],"class_list":["post-21490","post","type-post","status-publish","format-standard","hentry","category-policial","tag-featured"],"amp_enabled":true,"_links":{"self":[{"href":"https:\/\/radiostudiow.com.br\/site\/wp-json\/wp\/v2\/posts\/21490","targetHints":{"allow":["GET"]}}],"collection":[{"href":"https:\/\/radiostudiow.com.br\/site\/wp-json\/wp\/v2\/posts"}],"about":[{"href":"https:\/\/radiostudiow.com.br\/site\/wp-json\/wp\/v2\/types\/post"}],"author":[{"embeddable":true,"href":"https:\/\/radiostudiow.com.br\/site\/wp-json\/wp\/v2\/users\/2"}],"replies":[{"embeddable":true,"href":"https:\/\/radiostudiow.com.br\/site\/wp-json\/wp\/v2\/comments?post=21490"}],"version-history":[{"count":3,"href":"https:\/\/radiostudiow.com.br\/site\/wp-json\/wp\/v2\/posts\/21490\/revisions"}],"predecessor-version":[{"id":21514,"href":"https:\/\/radiostudiow.com.br\/site\/wp-json\/wp\/v2\/posts\/21490\/revisions\/21514"}],"wp:attachment":[{"href":"https:\/\/radiostudiow.com.br\/site\/wp-json\/wp\/v2\/media?parent=21490"}],"wp:term":[{"taxonomy":"category","embeddable":true,"href":"https:\/\/radiostudiow.com.br\/site\/wp-json\/wp\/v2\/categories?post=21490"},{"taxonomy":"post_tag","embeddable":true,"href":"https:\/\/radiostudiow.com.br\/site\/wp-json\/wp\/v2\/tags?post=21490"}],"curies":[{"name":"wp","href":"https:\/\/api.w.org\/{rel}","templated":true}]}}