{"id":21520,"date":"2024-04-13T08:54:11","date_gmt":"2024-04-13T11:54:11","guid":{"rendered":"https:\/\/radiostudiow.com.br\/site\/?p=21520"},"modified":"2025-01-31T14:59:27","modified_gmt":"2025-01-31T17:59:27","slug":"duas-saidas-de-pista-em-estradas-da-regiao-foram-registradas-nesta-sexta-feira-12","status":"publish","type":"post","link":"https:\/\/radiostudiow.com.br\/site\/2024\/04\/13\/duas-saidas-de-pista-em-estradas-da-regiao-foram-registradas-nesta-sexta-feira-12\/","title":{"rendered":"Duas sa\u00eddas de pista em estradas da regi\u00e3o foram registradas nesta sexta-feira (12)"},"content":{"rendered":"\n<p>Nas primeiras horas de hoje, sexta-feira, 12 de abril, com a pista molhada em fun\u00e7\u00e3o da chuva, foram registradas duas sa\u00eddas de pista.<\/p>\n\n\n\n<figure class=\"wp-block-image size-full\"><img decoding=\"async\" src=\"https:\/\/radiostudiow.com.br\/site\/wp-content\/uploads\/2024\/04\/image-93.png\" alt=\"\" class=\"wp-image-21522\"\/><\/figure>\n\n\n\n<p>Na BR-153, nas proximidades do Restaurante Marciano, nos radares, no sentido Uni\u00e3o da Vit\u00f3ria \u2013 General Carneiro, um caminh\u00e3o fez a manobra chamada de \u201cL\u201d e colidiu contra um barranco e um autom\u00f3vel que trafegava no sentido contr\u00e1rio, apenas com danos materiais. Equipes de apoio estavam no local retirando a carreta para liberar a pista aos usu\u00e1rios da rodovia.<\/p>\n\n\n\n<figure class=\"wp-block-image size-full\"><img decoding=\"async\" src=\"https:\/\/radiostudiow.com.br\/site\/wp-content\/uploads\/2024\/04\/image-94.png\" alt=\"\" class=\"wp-image-21523\"\/><\/figure>\n\n\n\n<p>J\u00e1 na BR-476, na regi\u00e3o da Ponte do Rio Vargem Grande, um caminh\u00e3o saiu da pista e \u201cpranchou\u201d na lateral da rodovia. O condutor n\u00e3o sofreu ferimentos e a pista est\u00e1 liberada.<\/p>\n","protected":false},"excerpt":{"rendered":"<p>Nas primeiras horas de hoje, sexta-feira, 12 de abril, com a pista molhada em fun\u00e7\u00e3o da chuva, foram registradas duas sa\u00eddas de pista. Na BR-153, nas proximidades do Restaurante Marciano, nos radares, no sentido Uni\u00e3o da Vit\u00f3ria \u2013 General Carneiro, um caminh\u00e3o fez a manobra chamada de \u201cL\u201d e colidiu contra um barranco e um [&hellip;]<\/p>\n","protected":false},"author":2,"featured_media":0,"comment_status":"open","ping_status":"open","sticky":false,"template":"","format":"standard","meta":{"footnotes":""},"categories":[2],"tags":[172],"class_list":["post-21520","post","type-post","status-publish","format-standard","hentry","category-policial","tag-featured"],"amp_enabled":true,"_links":{"self":[{"href":"https:\/\/radiostudiow.com.br\/site\/wp-json\/wp\/v2\/posts\/21520","targetHints":{"allow":["GET"]}}],"collection":[{"href":"https:\/\/radiostudiow.com.br\/site\/wp-json\/wp\/v2\/posts"}],"about":[{"href":"https:\/\/radiostudiow.com.br\/site\/wp-json\/wp\/v2\/types\/post"}],"author":[{"embeddable":true,"href":"https:\/\/radiostudiow.com.br\/site\/wp-json\/wp\/v2\/users\/2"}],"replies":[{"embeddable":true,"href":"https:\/\/radiostudiow.com.br\/site\/wp-json\/wp\/v2\/comments?post=21520"}],"version-history":[{"count":1,"href":"https:\/\/radiostudiow.com.br\/site\/wp-json\/wp\/v2\/posts\/21520\/revisions"}],"predecessor-version":[{"id":21524,"href":"https:\/\/radiostudiow.com.br\/site\/wp-json\/wp\/v2\/posts\/21520\/revisions\/21524"}],"wp:attachment":[{"href":"https:\/\/radiostudiow.com.br\/site\/wp-json\/wp\/v2\/media?parent=21520"}],"wp:term":[{"taxonomy":"category","embeddable":true,"href":"https:\/\/radiostudiow.com.br\/site\/wp-json\/wp\/v2\/categories?post=21520"},{"taxonomy":"post_tag","embeddable":true,"href":"https:\/\/radiostudiow.com.br\/site\/wp-json\/wp\/v2\/tags?post=21520"}],"curies":[{"name":"wp","href":"https:\/\/api.w.org\/{rel}","templated":true}]}}