{"id":21530,"date":"2024-04-13T09:30:16","date_gmt":"2024-04-13T12:30:16","guid":{"rendered":"https:\/\/radiostudiow.com.br\/site\/?p=21530"},"modified":"2025-01-31T14:59:27","modified_gmt":"2025-01-31T17:59:27","slug":"homem-que-traficava-drogas-a-seis-anos-no-bairro-rocio-em-uniao-da-vitoria-e-preso","status":"publish","type":"post","link":"https:\/\/radiostudiow.com.br\/site\/2024\/04\/13\/homem-que-traficava-drogas-a-seis-anos-no-bairro-rocio-em-uniao-da-vitoria-e-preso\/","title":{"rendered":"Homem que traficava drogas a seis anos no bairro Rocio em Uni\u00e3o da Vit\u00f3ria \u00e9 preso"},"content":{"rendered":"\n<p>A equipe da Pol\u00edcia Militar de Uni\u00e3o da Vit\u00f3ria deteve mais um traficante, o qual comercializava drogas h\u00e1 seis anos no bairro Nossa Senhora do Rocio.<\/p>\n\n\n\n<p>A situa\u00e7\u00e3o ocorreu por volta das 17h20 de ontem, quinta-feira, 11 de abril.<\/p>\n\n\n\n<figure class=\"wp-block-image size-large\"><img decoding=\"async\" src=\"https:\/\/radiostudiow.com.br\/site\/wp-content\/uploads\/2024\/04\/LABIRATIFOTO-1024x1024.png\" alt=\"\" class=\"wp-image-21532\"\/><\/figure>\n\n\n\n<p>De acordo com o relat\u00f3rio, a Pol\u00edcia realizava patrulhamento quando avistou o homem que demonstrou nervosismo com a presen\u00e7a policial. Ele foi abordado e com ele nada ilegal foi encontrado em primeiro momento. Diante da suspeita sobre o homem, foi questionado se tinha drogas em sua casa e deslocado para averigua\u00e7\u00e3o.<\/p>\n\n\n\n<p>Na casa do homem a Pol\u00edcia encontrou por\u00e7\u00f5es de coca\u00edna e balan\u00e7as de precis\u00e3o. Novamente questionado, ele admitiu que vendia drogas nos \u00faltimos seis anos naquele local, sendo detido e conduzido at\u00e9 a delegacia.<\/p>\n","protected":false},"excerpt":{"rendered":"<p>A equipe da Pol\u00edcia Militar de Uni\u00e3o da Vit\u00f3ria deteve mais um traficante, o qual comercializava drogas h\u00e1 seis anos no bairro Nossa Senhora do Rocio. A situa\u00e7\u00e3o ocorreu por volta das 17h20 de ontem, quinta-feira, 11 de abril. De acordo com o relat\u00f3rio, a Pol\u00edcia realizava patrulhamento quando avistou o homem que demonstrou nervosismo [&hellip;]<\/p>\n","protected":false},"author":2,"featured_media":0,"comment_status":"open","ping_status":"open","sticky":false,"template":"","format":"standard","meta":{"footnotes":""},"categories":[2],"tags":[172],"class_list":["post-21530","post","type-post","status-publish","format-standard","hentry","category-policial","tag-featured"],"amp_enabled":true,"_links":{"self":[{"href":"https:\/\/radiostudiow.com.br\/site\/wp-json\/wp\/v2\/posts\/21530","targetHints":{"allow":["GET"]}}],"collection":[{"href":"https:\/\/radiostudiow.com.br\/site\/wp-json\/wp\/v2\/posts"}],"about":[{"href":"https:\/\/radiostudiow.com.br\/site\/wp-json\/wp\/v2\/types\/post"}],"author":[{"embeddable":true,"href":"https:\/\/radiostudiow.com.br\/site\/wp-json\/wp\/v2\/users\/2"}],"replies":[{"embeddable":true,"href":"https:\/\/radiostudiow.com.br\/site\/wp-json\/wp\/v2\/comments?post=21530"}],"version-history":[{"count":1,"href":"https:\/\/radiostudiow.com.br\/site\/wp-json\/wp\/v2\/posts\/21530\/revisions"}],"predecessor-version":[{"id":21533,"href":"https:\/\/radiostudiow.com.br\/site\/wp-json\/wp\/v2\/posts\/21530\/revisions\/21533"}],"wp:attachment":[{"href":"https:\/\/radiostudiow.com.br\/site\/wp-json\/wp\/v2\/media?parent=21530"}],"wp:term":[{"taxonomy":"category","embeddable":true,"href":"https:\/\/radiostudiow.com.br\/site\/wp-json\/wp\/v2\/categories?post=21530"},{"taxonomy":"post_tag","embeddable":true,"href":"https:\/\/radiostudiow.com.br\/site\/wp-json\/wp\/v2\/tags?post=21530"}],"curies":[{"name":"wp","href":"https:\/\/api.w.org\/{rel}","templated":true}]}}