{"id":21534,"date":"2024-04-13T11:52:42","date_gmt":"2024-04-13T14:52:42","guid":{"rendered":"https:\/\/radiostudiow.com.br\/site\/?p=21534"},"modified":"2025-01-31T14:59:27","modified_gmt":"2025-01-31T17:59:27","slug":"ladroes-invadem-casa-e-desligam-cameras-em-uniao-da-vitoria","status":"publish","type":"post","link":"https:\/\/radiostudiow.com.br\/site\/2024\/04\/13\/ladroes-invadem-casa-e-desligam-cameras-em-uniao-da-vitoria\/","title":{"rendered":"Ladr\u00f5es invadem casa e desligam c\u00e2meras em Uni\u00e3o da Vit\u00f3ria"},"content":{"rendered":"\n<h1 class=\"wp-block-heading\"><\/h1>\n\n\n\n<p>Na madrugada de ontem, quinta-feira, dia 11 de abril, v\u00e1rios eletrodom\u00e9sticos foram furtados de uma casa no Distrito de S\u00e3o Crist\u00f3v\u00e3o, em Uni\u00e3o da Vit\u00f3ria.<\/p>\n\n\n\n<figure class=\"wp-block-image size-full\"><img decoding=\"async\" src=\"https:\/\/radiostudiow.com.br\/site\/wp-content\/uploads\/2024\/04\/image-85.png\" alt=\"\" class=\"wp-image-21536\"\/><\/figure>\n\n\n\n<p><br>Os ladr\u00f5es pularam um muro, arrombaram a porta dos fundos, desligaram as c\u00e2meras de monitoramento que s\u00e3o acionadas junto \u00e0 energia el\u00e9trica e efetuaram o furto.<br>Conforme o morador, foram furtados uma centr\u00edfuga, uma televis\u00e3o, uma air fryer, um micro-ondas, uma batedeira e uma lavadora de alta press\u00e3o.<br>A equipe policial orientou a v\u00edtima quanto aos procedimentos cab\u00edveis.<\/p>\n","protected":false},"excerpt":{"rendered":"<p>Na madrugada de ontem, quinta-feira, dia 11 de abril, v\u00e1rios eletrodom\u00e9sticos foram furtados de uma casa no Distrito de S\u00e3o Crist\u00f3v\u00e3o, em Uni\u00e3o da Vit\u00f3ria. Os ladr\u00f5es pularam um muro, arrombaram a porta dos fundos, desligaram as c\u00e2meras de monitoramento que s\u00e3o acionadas junto \u00e0 energia el\u00e9trica e efetuaram o furto.Conforme o morador, foram furtados [&hellip;]<\/p>\n","protected":false},"author":2,"featured_media":0,"comment_status":"open","ping_status":"open","sticky":false,"template":"","format":"standard","meta":{"footnotes":""},"categories":[2],"tags":[172],"class_list":["post-21534","post","type-post","status-publish","format-standard","hentry","category-policial","tag-featured"],"amp_enabled":true,"_links":{"self":[{"href":"https:\/\/radiostudiow.com.br\/site\/wp-json\/wp\/v2\/posts\/21534","targetHints":{"allow":["GET"]}}],"collection":[{"href":"https:\/\/radiostudiow.com.br\/site\/wp-json\/wp\/v2\/posts"}],"about":[{"href":"https:\/\/radiostudiow.com.br\/site\/wp-json\/wp\/v2\/types\/post"}],"author":[{"embeddable":true,"href":"https:\/\/radiostudiow.com.br\/site\/wp-json\/wp\/v2\/users\/2"}],"replies":[{"embeddable":true,"href":"https:\/\/radiostudiow.com.br\/site\/wp-json\/wp\/v2\/comments?post=21534"}],"version-history":[{"count":1,"href":"https:\/\/radiostudiow.com.br\/site\/wp-json\/wp\/v2\/posts\/21534\/revisions"}],"predecessor-version":[{"id":21537,"href":"https:\/\/radiostudiow.com.br\/site\/wp-json\/wp\/v2\/posts\/21534\/revisions\/21537"}],"wp:attachment":[{"href":"https:\/\/radiostudiow.com.br\/site\/wp-json\/wp\/v2\/media?parent=21534"}],"wp:term":[{"taxonomy":"category","embeddable":true,"href":"https:\/\/radiostudiow.com.br\/site\/wp-json\/wp\/v2\/categories?post=21534"},{"taxonomy":"post_tag","embeddable":true,"href":"https:\/\/radiostudiow.com.br\/site\/wp-json\/wp\/v2\/tags?post=21534"}],"curies":[{"name":"wp","href":"https:\/\/api.w.org\/{rel}","templated":true}]}}