{"id":21538,"date":"2024-04-13T12:17:01","date_gmt":"2024-04-13T15:17:01","guid":{"rendered":"https:\/\/radiostudiow.com.br\/site\/?p=21538"},"modified":"2025-01-31T14:59:27","modified_gmt":"2025-01-31T17:59:27","slug":"sogra-e-ameacada-pelo-genro-apos-cobrar-para-que-ele-arrume-emprego-em-antonio-olinto","status":"publish","type":"post","link":"https:\/\/radiostudiow.com.br\/site\/2024\/04\/13\/sogra-e-ameacada-pelo-genro-apos-cobrar-para-que-ele-arrume-emprego-em-antonio-olinto\/","title":{"rendered":"Sogra \u00e9 amea\u00e7ada pelo genro ap\u00f3s cobrar para que ele arrume emprego em Ant\u00f4nio Olinto"},"content":{"rendered":"\n<p>A Pol\u00edcia Militar foi acionada na tarde desta sexta-feira (12), para atender uma ocorr\u00eancia de viol\u00eancia dom\u00e9stica no interior de Ant\u00f4nio Olinto. A localidade n\u00e3o foi divulgada.<\/p>\n\n\n\n<figure class=\"wp-block-image size-full\"><img decoding=\"async\" src=\"https:\/\/radiostudiow.com.br\/site\/wp-content\/uploads\/2024\/04\/image-87.png\" alt=\"\" class=\"wp-image-21539\"\/><\/figure>\n\n\n\n<p>A v\u00edtima disse que na casa mora tamb\u00e9m sua filha, que est\u00e1 gr\u00e1vida de 16 semanas, e o genro. Ap\u00f3s cobr\u00e1-lo para arrumar um emprego para ajudar nas despesas, houve uma discuss\u00e3o entre ambos, momento em que o rapaz passou a lhe amea\u00e7ar e xingar. Em seguida, o autor teria dito que iria pegar algo para acert\u00e1-la, momento em que a filha entrou no meio da discuss\u00e3o e apartou os dois.<\/p>\n\n\n\n<figure class=\"wp-block-image size-full\"><img decoding=\"async\" src=\"https:\/\/radiostudiow.com.br\/site\/wp-content\/uploads\/2024\/04\/image-88.png\" alt=\"\" class=\"wp-image-21540\"\/><\/figure>\n\n\n\n<p>Logo em seguida, a v\u00edtima disse que temendo por sua vida, teria pegado um fac\u00e3o e dado uma \u201cpranchada\u201d em seu genro na regi\u00e3o do dorso, e que o rapaz e a jovem sa\u00edram da casa, sem informar para onde iriam. A equipe policial colheu as informa\u00e7\u00f5es e orientou a v\u00edtima, sendo prestado apoio. Foi realizado patrulhamento na regi\u00e3o no intuito de localizar o autor, por\u00e9m n\u00e3o foi localizado.<\/p>\n","protected":false},"excerpt":{"rendered":"<p>A Pol\u00edcia Militar foi acionada na tarde desta sexta-feira (12), para atender uma ocorr\u00eancia de viol\u00eancia dom\u00e9stica no interior de Ant\u00f4nio Olinto. A localidade n\u00e3o foi divulgada. A v\u00edtima disse que na casa mora tamb\u00e9m sua filha, que est\u00e1 gr\u00e1vida de 16 semanas, e o genro. Ap\u00f3s cobr\u00e1-lo para arrumar um emprego para ajudar nas [&hellip;]<\/p>\n","protected":false},"author":2,"featured_media":16838,"comment_status":"open","ping_status":"open","sticky":false,"template":"","format":"standard","meta":{"footnotes":""},"categories":[2],"tags":[172],"class_list":["post-21538","post","type-post","status-publish","format-standard","has-post-thumbnail","hentry","category-policial","tag-featured"],"amp_enabled":true,"_links":{"self":[{"href":"https:\/\/radiostudiow.com.br\/site\/wp-json\/wp\/v2\/posts\/21538","targetHints":{"allow":["GET"]}}],"collection":[{"href":"https:\/\/radiostudiow.com.br\/site\/wp-json\/wp\/v2\/posts"}],"about":[{"href":"https:\/\/radiostudiow.com.br\/site\/wp-json\/wp\/v2\/types\/post"}],"author":[{"embeddable":true,"href":"https:\/\/radiostudiow.com.br\/site\/wp-json\/wp\/v2\/users\/2"}],"replies":[{"embeddable":true,"href":"https:\/\/radiostudiow.com.br\/site\/wp-json\/wp\/v2\/comments?post=21538"}],"version-history":[{"count":1,"href":"https:\/\/radiostudiow.com.br\/site\/wp-json\/wp\/v2\/posts\/21538\/revisions"}],"predecessor-version":[{"id":21541,"href":"https:\/\/radiostudiow.com.br\/site\/wp-json\/wp\/v2\/posts\/21538\/revisions\/21541"}],"wp:featuredmedia":[{"embeddable":true,"href":"https:\/\/radiostudiow.com.br\/site\/wp-json\/wp\/v2\/media\/16838"}],"wp:attachment":[{"href":"https:\/\/radiostudiow.com.br\/site\/wp-json\/wp\/v2\/media?parent=21538"}],"wp:term":[{"taxonomy":"category","embeddable":true,"href":"https:\/\/radiostudiow.com.br\/site\/wp-json\/wp\/v2\/categories?post=21538"},{"taxonomy":"post_tag","embeddable":true,"href":"https:\/\/radiostudiow.com.br\/site\/wp-json\/wp\/v2\/tags?post=21538"}],"curies":[{"name":"wp","href":"https:\/\/api.w.org\/{rel}","templated":true}]}}