{"id":21550,"date":"2024-04-15T09:59:10","date_gmt":"2024-04-15T12:59:10","guid":{"rendered":"https:\/\/radiostudiow.com.br\/site\/?p=21550"},"modified":"2025-01-31T14:59:27","modified_gmt":"2025-01-31T17:59:27","slug":"cachorro-e-morto-com-requintes-de-crueldade-em-paula-freitas","status":"publish","type":"post","link":"https:\/\/radiostudiow.com.br\/site\/2024\/04\/15\/cachorro-e-morto-com-requintes-de-crueldade-em-paula-freitas\/","title":{"rendered":"Cachorro \u00e9 morto com requintes de crueldade em Paula Freitas"},"content":{"rendered":"\n<p>Um cachorro foi morto com golpes de fac\u00e3o na cidade de Paula Freitas. O caso foi registrado pelo dono do animal por volta das 17:30 horas desse s\u00e1bado (13).<\/p>\n\n\n\n<figure class=\"wp-block-image size-full\"><img decoding=\"async\" src=\"https:\/\/radiostudiow.com.br\/site\/wp-content\/uploads\/2024\/04\/image-96.png\" alt=\"\" class=\"wp-image-21551\"\/><\/figure>\n\n\n\n<p>Conforme informa\u00e7\u00f5es, o dono do animal ao retornar para sua casa encontrou o cachorro morto com ferimento semelhante a fac\u00e3o na regi\u00e3o do peito. No local, havia muito sangue espalhado pela cal\u00e7ada.<\/p>\n\n\n\n<p>atrav\u00e9s de c\u00e2meras de monitoramento, o solicitante apurou que os autores do crime possivelmente se tratam de dois homens que estavam com motocicletas vermelhas, os quais j\u00e1 est\u00e3o h\u00e1 dias perturbando os moradores.<\/p>\n","protected":false},"excerpt":{"rendered":"<p>Um cachorro foi morto com golpes de fac\u00e3o na cidade de Paula Freitas. O caso foi registrado pelo dono do animal por volta das 17:30 horas desse s\u00e1bado (13). Conforme informa\u00e7\u00f5es, o dono do animal ao retornar para sua casa encontrou o cachorro morto com ferimento semelhante a fac\u00e3o na regi\u00e3o do peito. No local, [&hellip;]<\/p>\n","protected":false},"author":2,"featured_media":16838,"comment_status":"open","ping_status":"open","sticky":false,"template":"","format":"standard","meta":{"footnotes":""},"categories":[2],"tags":[172],"class_list":["post-21550","post","type-post","status-publish","format-standard","has-post-thumbnail","hentry","category-policial","tag-featured"],"amp_enabled":true,"_links":{"self":[{"href":"https:\/\/radiostudiow.com.br\/site\/wp-json\/wp\/v2\/posts\/21550","targetHints":{"allow":["GET"]}}],"collection":[{"href":"https:\/\/radiostudiow.com.br\/site\/wp-json\/wp\/v2\/posts"}],"about":[{"href":"https:\/\/radiostudiow.com.br\/site\/wp-json\/wp\/v2\/types\/post"}],"author":[{"embeddable":true,"href":"https:\/\/radiostudiow.com.br\/site\/wp-json\/wp\/v2\/users\/2"}],"replies":[{"embeddable":true,"href":"https:\/\/radiostudiow.com.br\/site\/wp-json\/wp\/v2\/comments?post=21550"}],"version-history":[{"count":1,"href":"https:\/\/radiostudiow.com.br\/site\/wp-json\/wp\/v2\/posts\/21550\/revisions"}],"predecessor-version":[{"id":21552,"href":"https:\/\/radiostudiow.com.br\/site\/wp-json\/wp\/v2\/posts\/21550\/revisions\/21552"}],"wp:featuredmedia":[{"embeddable":true,"href":"https:\/\/radiostudiow.com.br\/site\/wp-json\/wp\/v2\/media\/16838"}],"wp:attachment":[{"href":"https:\/\/radiostudiow.com.br\/site\/wp-json\/wp\/v2\/media?parent=21550"}],"wp:term":[{"taxonomy":"category","embeddable":true,"href":"https:\/\/radiostudiow.com.br\/site\/wp-json\/wp\/v2\/categories?post=21550"},{"taxonomy":"post_tag","embeddable":true,"href":"https:\/\/radiostudiow.com.br\/site\/wp-json\/wp\/v2\/tags?post=21550"}],"curies":[{"name":"wp","href":"https:\/\/api.w.org\/{rel}","templated":true}]}}