{"id":21572,"date":"2024-04-17T10:18:24","date_gmt":"2024-04-17T13:18:24","guid":{"rendered":"https:\/\/radiostudiow.com.br\/site\/?p=21572"},"modified":"2025-01-31T14:59:26","modified_gmt":"2025-01-31T17:59:26","slug":"esta-aberto-o-prazo-para-pedir-isencao-de-taxa-para-o-enem-2024","status":"publish","type":"post","link":"https:\/\/radiostudiow.com.br\/site\/2024\/04\/17\/esta-aberto-o-prazo-para-pedir-isencao-de-taxa-para-o-enem-2024\/","title":{"rendered":"Est\u00e1 aberto o prazo para pedir isen\u00e7\u00e3o de taxa para o ENEM 2024"},"content":{"rendered":"\n<p><\/p>\n\n\n\n<p>Teve in\u00edcio nessa segunda-feira, 15 de abril, o per\u00edodo para os interessados em participar do Exame Nacional do Ensino M\u00e9dio (Enem) 2024 solicitarem a isen\u00e7\u00e3o da taxa de inscri\u00e7\u00e3o.<\/p>\n\n\n\n<p><strong>O prazo segue at\u00e9 26 de abril e tamb\u00e9m vale para as justificativas de aus\u00eancia na edi\u00e7\u00e3o de 2023.<\/strong><\/p>\n\n\n\n<figure class=\"wp-block-image size-full\"><img loading=\"lazy\" decoding=\"async\" width=\"900\" height=\"408\" src=\"https:\/\/radiostudiow.com.br\/site\/wp-content\/uploads\/2024\/04\/image-21.png\" alt=\"\" class=\"wp-image-21214\" srcset=\"https:\/\/radiostudiow.com.br\/site\/wp-content\/uploads\/2024\/04\/image-21.png 900w, https:\/\/radiostudiow.com.br\/site\/wp-content\/uploads\/2024\/04\/image-21-300x136.png 300w, https:\/\/radiostudiow.com.br\/site\/wp-content\/uploads\/2024\/04\/image-21-768x348.png 768w\" sizes=\"auto, (max-width: 900px) 100vw, 900px\" \/><\/figure>\n\n\n\n<p>O cronograma (incluindo a fase de recursos) e as regras foram estabelecidos em&nbsp;edital, que est\u00e1 dispon\u00edvel no portal do Instituto Nacional de Estudos e Pesquisas Educacionais An\u00edsio Teixeira (Inep).&nbsp;<\/p>\n\n\n\n<p>Os interessados devem pedir a isen\u00e7\u00e3o pela P\u00e1gina do Participante, com o login \u00fanico do&nbsp;<a href=\"https:\/\/www.gov.br\/pt-br\" data-type=\"link\" data-id=\"https:\/\/www.gov.br\/pt-br\"><strong>gov.br<\/strong><\/a>.<\/p>\n","protected":false},"excerpt":{"rendered":"<p>Teve in\u00edcio nessa segunda-feira, 15 de abril, o per\u00edodo para os interessados em participar do Exame Nacional do Ensino M\u00e9dio (Enem) 2024 solicitarem a isen\u00e7\u00e3o da taxa de inscri\u00e7\u00e3o. O prazo segue at\u00e9 26 de abril e tamb\u00e9m vale para as justificativas de aus\u00eancia na edi\u00e7\u00e3o de 2023. O cronograma (incluindo a fase de recursos) [&hellip;]<\/p>\n","protected":false},"author":2,"featured_media":0,"comment_status":"open","ping_status":"open","sticky":false,"template":"","format":"standard","meta":{"footnotes":""},"categories":[7],"tags":[172],"class_list":["post-21572","post","type-post","status-publish","format-standard","hentry","category-geral","tag-featured"],"amp_enabled":true,"_links":{"self":[{"href":"https:\/\/radiostudiow.com.br\/site\/wp-json\/wp\/v2\/posts\/21572","targetHints":{"allow":["GET"]}}],"collection":[{"href":"https:\/\/radiostudiow.com.br\/site\/wp-json\/wp\/v2\/posts"}],"about":[{"href":"https:\/\/radiostudiow.com.br\/site\/wp-json\/wp\/v2\/types\/post"}],"author":[{"embeddable":true,"href":"https:\/\/radiostudiow.com.br\/site\/wp-json\/wp\/v2\/users\/2"}],"replies":[{"embeddable":true,"href":"https:\/\/radiostudiow.com.br\/site\/wp-json\/wp\/v2\/comments?post=21572"}],"version-history":[{"count":3,"href":"https:\/\/radiostudiow.com.br\/site\/wp-json\/wp\/v2\/posts\/21572\/revisions"}],"predecessor-version":[{"id":21638,"href":"https:\/\/radiostudiow.com.br\/site\/wp-json\/wp\/v2\/posts\/21572\/revisions\/21638"}],"wp:attachment":[{"href":"https:\/\/radiostudiow.com.br\/site\/wp-json\/wp\/v2\/media?parent=21572"}],"wp:term":[{"taxonomy":"category","embeddable":true,"href":"https:\/\/radiostudiow.com.br\/site\/wp-json\/wp\/v2\/categories?post=21572"},{"taxonomy":"post_tag","embeddable":true,"href":"https:\/\/radiostudiow.com.br\/site\/wp-json\/wp\/v2\/tags?post=21572"}],"curies":[{"name":"wp","href":"https:\/\/api.w.org\/{rel}","templated":true}]}}