{"id":21614,"date":"2024-04-17T10:15:15","date_gmt":"2024-04-17T13:15:15","guid":{"rendered":"https:\/\/radiostudiow.com.br\/site\/?p=21614"},"modified":"2025-01-31T14:59:26","modified_gmt":"2025-01-31T17:59:26","slug":"concurso-unificado-saiba-o-que-o-candidato-pode-e-nao-pode-levar","status":"publish","type":"post","link":"https:\/\/radiostudiow.com.br\/site\/2024\/04\/17\/concurso-unificado-saiba-o-que-o-candidato-pode-e-nao-pode-levar\/","title":{"rendered":"Concurso unificado: saiba o que o candidato pode e n\u00e3o pode levar"},"content":{"rendered":"\n<p><strong>Concurso unificado: saiba o que o candidato pode e n\u00e3o pode levar<\/strong><\/p>\n\n\n\n<p>A 20 dias da realiza\u00e7\u00e3o do Concurso P\u00fablico Nacional Unificado (CPNU), o Minist\u00e9rio da Gest\u00e3o e da Inova\u00e7\u00e3o em Servi\u00e7os P\u00fablicos divulgou nesta segunda-feira (15) orienta\u00e7\u00f5es sobre o que os candidatos podem e n\u00e3o podem levar no dia da prova, marcada para 5 de maio.<\/p>\n\n\n\n<figure class=\"wp-block-image size-full\"><img decoding=\"async\" src=\"https:\/\/radiostudiow.com.br\/site\/wp-content\/uploads\/2024\/04\/image-42.png\" alt=\"\" class=\"wp-image-21334\"\/><\/figure>\n\n\n\n<h2 class=\"wp-block-heading\">Cart\u00e3o de confirma\u00e7\u00e3o<\/h2>\n\n\n\n<p>Ao chegar ao local de prova, o candidato deve apresentar o cart\u00e3o de confirma\u00e7\u00e3o de inscri\u00e7\u00e3o, que poder\u00e1 ser impresso a partir do pr\u00f3ximo dia 25 na&nbsp;<a href=\"https:\/\/cpnu.cesgranrio.org.br\/login\" target=\"_blank\" rel=\"noreferrer noopener\">P\u00e1gina do Candidato<\/a>.<\/p>\n\n\n\n<h2 class=\"wp-block-heading\">Documento<\/h2>\n\n\n\n<p>Tamb\u00e9m \u00e9 preciso apresentar documento de identidade original com foto, de acordo com os mencionados no edital. N\u00e3o ser\u00e3o aceitas c\u00f3pias \u2013 mesmo que autenticadas.<\/p>\n\n\n\n<p>No caso dos documentos digitais, o candidato dever\u00e1 acessar o aplicativo no momento da identifica\u00e7\u00e3o, na entrada da sala. O aplicativo deve ser baixado no celular previamente e pode ser acessado mesmo sem internet.<\/p>\n\n\n\n<p>\u201cTeste antes para se certificar que est\u00e1 funcionando corretamente. N\u00e3o ser\u00e3o aceitas fotografias do documento, mesmo que estejam na galeria do telefone\u201d, destacou o minist\u00e9rio.<\/p>\n\n\n\n<h2 class=\"wp-block-heading\">Caneta preta<\/h2>\n\n\n\n<p>O candidato deve levar caneta preta de material transparente. Como n\u00e3o ser\u00e1 permitido se comunicar durante as provas, a pasta recomenda que os candidatos levem mais de uma caneta.<\/p>\n\n\n\n<figure class=\"wp-block-image size-full\"><img decoding=\"async\" src=\"https:\/\/radiostudiow.com.br\/site\/wp-content\/uploads\/2024\/04\/image-45.png\" alt=\"\" class=\"wp-image-21394\"\/><\/figure>\n\n\n\n<h2 class=\"wp-block-heading\">Roupas e acess\u00f3rios<\/h2>\n\n\n\n<p>No dia da prova, o minist\u00e9rio recomenda o uso de roupas e sapatos confort\u00e1veis, j\u00e1 que ser\u00e3o dois turnos de aplica\u00e7\u00e3o e o candidato ficar\u00e1 sentado por um longo per\u00edodo de tempo.<\/p>\n\n\n\n<p>N\u00e3o ser\u00e1 permitido o uso de rel\u00f3gio de qualquer natureza. Tamb\u00e9m \u00e9 proibido o uso de \u00f3culos escuros, chap\u00e9u, bon\u00e9, gorro e protetores auriculares.<\/p>\n\n\n\n<h2 class=\"wp-block-heading\">Porta-objetos<\/h2>\n\n\n\n<p>A Funda\u00e7\u00e3o Cesgranrio, respons\u00e1vel pelo certame, vai fornecer envelopes porta-objetos aos candidatos que precisem guardar itens como telefones celulares. O aparelho e eventuais alarmes dever\u00e3o ficar desligados durante toda prova.<\/p>\n\n\n\n<p>\u201cOs envelopes dever\u00e3o ser lacrados e identificados antes de o candidato se dirigir \u00e0 carteira onde far\u00e1 as provas e dever\u00e3o ser guardados embaixo da carteira\u201d, ressaltou o minist\u00e9rio.<\/p>\n\n\n\n<p>O candidato s\u00f3 poder\u00e1 abrir o envelope com seus pertences e ligar o aparelho celular ap\u00f3s finalizar a prova e quando j\u00e1 estiver do lado de fora dos locais de exame.<\/p>\n\n\n\n<h2 class=\"wp-block-heading\">Alimenta\u00e7\u00e3o<\/h2>\n\n\n\n<p>O candidato pode levar alimentos e \u00e1gua no dia da prova. As embalagens dos alimentos devem estar lacradas e as garrafas de \u00e1gua precisam ser transparentes.<\/p>\n\n\n\n<figure class=\"wp-block-image size-full\"><img loading=\"lazy\" decoding=\"async\" width=\"590\" height=\"204\" src=\"https:\/\/radiostudiow.com.br\/site\/wp-content\/uploads\/2024\/04\/image-27.png\" alt=\"\" class=\"wp-image-21280\" srcset=\"https:\/\/radiostudiow.com.br\/site\/wp-content\/uploads\/2024\/04\/image-27.png 590w, https:\/\/radiostudiow.com.br\/site\/wp-content\/uploads\/2024\/04\/image-27-300x104.png 300w\" sizes=\"auto, (max-width: 590px) 100vw, 590px\" \/><\/figure>\n\n\n\n<h2 class=\"wp-block-heading\">Eletr\u00f4nicos<\/h2>\n\n\n\n<p>Conforme o edital, o candidato ser\u00e1 eliminado se for constatado, durante as provas, o porte e\/ou o uso de aparelhos sonoros, fonogr\u00e1ficos, de comunica\u00e7\u00e3o ou de registro, eletr\u00f4nicos ou n\u00e3o, tais como: agendas eletr\u00f4nicas, gravadores, pendrive, mp3 player, fones de ouvido, chaves com alarme ou com qualquer outro componente eletr\u00f4nico, rel\u00f3gios de qualquer natureza, telefones celulares e microcomputadores port\u00e1teis.<\/p>\n\n\n\n<p>\u201cOs candidatos tamb\u00e9m ser\u00e3o eliminados se forem surpreendidos, durante as provas, em qualquer tipo de comunica\u00e7\u00e3o com outro candidato ou utilizando m\u00e1quinas de calcular ou similares, livros, c\u00f3digos, manuais, apostilas, impressos ou anota\u00e7\u00f5es\u201d, completou a pasta.<\/p>\n\n\n\n<h2 class=\"wp-block-heading\">Caderno de provas<\/h2>\n\n\n\n<p>Os candidatos n\u00e3o poder\u00e3o levar o caderno de provas \u2013 em nenhum dos turnos.<\/p>\n\n\n\n<h2 class=\"wp-block-heading\">Tempo de perman\u00eancia<\/h2>\n\n\n\n<p>O tempo m\u00ednimo de perman\u00eancia nos locais de provas em ambos os turnos ser\u00e1 de duas horas. O candidato que deixar a sala antes desse prazo ser\u00e1 eliminado do concurso.<\/p>\n","protected":false},"excerpt":{"rendered":"<p>Concurso unificado: saiba o que o candidato pode e n\u00e3o pode levar A 20 dias da realiza\u00e7\u00e3o do Concurso P\u00fablico Nacional Unificado (CPNU), o Minist\u00e9rio da Gest\u00e3o e da Inova\u00e7\u00e3o em Servi\u00e7os P\u00fablicos divulgou nesta segunda-feira (15) orienta\u00e7\u00f5es sobre o que os candidatos podem e n\u00e3o podem levar no dia da prova, marcada para 5 [&hellip;]<\/p>\n","protected":false},"author":2,"featured_media":21634,"comment_status":"open","ping_status":"open","sticky":false,"template":"","format":"standard","meta":{"footnotes":""},"categories":[7],"tags":[172],"class_list":["post-21614","post","type-post","status-publish","format-standard","has-post-thumbnail","hentry","category-geral","tag-featured"],"amp_enabled":true,"_links":{"self":[{"href":"https:\/\/radiostudiow.com.br\/site\/wp-json\/wp\/v2\/posts\/21614","targetHints":{"allow":["GET"]}}],"collection":[{"href":"https:\/\/radiostudiow.com.br\/site\/wp-json\/wp\/v2\/posts"}],"about":[{"href":"https:\/\/radiostudiow.com.br\/site\/wp-json\/wp\/v2\/types\/post"}],"author":[{"embeddable":true,"href":"https:\/\/radiostudiow.com.br\/site\/wp-json\/wp\/v2\/users\/2"}],"replies":[{"embeddable":true,"href":"https:\/\/radiostudiow.com.br\/site\/wp-json\/wp\/v2\/comments?post=21614"}],"version-history":[{"count":2,"href":"https:\/\/radiostudiow.com.br\/site\/wp-json\/wp\/v2\/posts\/21614\/revisions"}],"predecessor-version":[{"id":21635,"href":"https:\/\/radiostudiow.com.br\/site\/wp-json\/wp\/v2\/posts\/21614\/revisions\/21635"}],"wp:featuredmedia":[{"embeddable":true,"href":"https:\/\/radiostudiow.com.br\/site\/wp-json\/wp\/v2\/media\/21634"}],"wp:attachment":[{"href":"https:\/\/radiostudiow.com.br\/site\/wp-json\/wp\/v2\/media?parent=21614"}],"wp:term":[{"taxonomy":"category","embeddable":true,"href":"https:\/\/radiostudiow.com.br\/site\/wp-json\/wp\/v2\/categories?post=21614"},{"taxonomy":"post_tag","embeddable":true,"href":"https:\/\/radiostudiow.com.br\/site\/wp-json\/wp\/v2\/tags?post=21614"}],"curies":[{"name":"wp","href":"https:\/\/api.w.org\/{rel}","templated":true}]}}