{"id":21669,"date":"2024-04-19T09:43:21","date_gmt":"2024-04-19T12:43:21","guid":{"rendered":"https:\/\/radiostudiow.com.br\/site\/?p=21669"},"modified":"2025-01-31T14:59:26","modified_gmt":"2025-01-31T17:59:26","slug":"secretaria-de-educacao-de-irati-prorroga-prazo-de-inscricao-para-pss","status":"publish","type":"post","link":"https:\/\/radiostudiow.com.br\/site\/2024\/04\/19\/secretaria-de-educacao-de-irati-prorroga-prazo-de-inscricao-para-pss\/","title":{"rendered":"Secretaria de Educa\u00e7\u00e3o de Irati: inscri\u00e7\u00e3o para PSS at\u00e9 hoje (19)"},"content":{"rendered":"\n<p>Inscri\u00e7\u00f5e v\u00e3o at\u00e9 hoje sexta-feira, dia 19. Problemas de ordem t\u00e9cnica no site causaram indisponibilidade dos formul\u00e1rios de inscri\u00e7\u00e3o para o processo que visa contratar professores e secret\u00e1rios para as escolas e CMEIS de Irati<em><strong>\/Paulo Sava, com informa\u00e7\u00f5es da Secretaria de Educa\u00e7\u00e3o<\/strong><\/em><\/p>\n\n\n\n<figure class=\"wp-block-image size-full\"><img decoding=\"async\" src=\"https:\/\/radiostudiow.com.br\/site\/wp-content\/uploads\/2024\/04\/image-46.png\" alt=\"\" class=\"wp-image-21400\"\/><\/figure>\n\n\n\n<p>A Secretaria Municipal de Educa\u00e7\u00e3o de Irati prorrogou o prazo de inscri\u00e7\u00e3o para o Processo Seletivo Simplificado (PSS) n\u00ba 01\/2024, que visa contratar professores para a Educa\u00e7\u00e3o Infantil, Ensino Fundamental, Libras e secret\u00e1rios escolares.<\/p>\n\n\n\n<p>Segundo nota enviada pela Comiss\u00e3o Organizadora do concurso,\u00a0problemas t\u00e9cnicos fizeram com que os formul\u00e1rios de inscri\u00e7\u00e3o ficassem indispon\u00edveis para os candidatos no site da Prefeitura. Com isso, o prazo, que terminaria na segunda-feira, 15 de abril, foi prorrogado at\u00e9 hoje sexta-feira, 18 de abril. Um novo cronograma com outras datas relativas ao PSS est\u00e1 dispon\u00edvel\u00a0<a href=\"https:\/\/irati.pr.gov.br\/pagina\/327_PSS-2024-.html\">na p\u00e1gina oficial do PSS no site da Prefeitura de Irati.<\/a><\/p>\n\n\n\n<p>Os candidatos que fizeram a inscri\u00e7\u00e3o devem aguardar o recebimento do cart\u00e3o de confirma\u00e7\u00e3o em at\u00e9 48 horas. Caso n\u00e3o recebam dentro deste per\u00edodo, podem solicitar atrav\u00e9s do e-mail driveeducacaoirati@gmail.com ou pelo telefone (42) 3132-6274.<\/p>\n\n\n\n<figure class=\"wp-block-image size-full\"><img loading=\"lazy\" decoding=\"async\" width=\"1024\" height=\"387\" src=\"https:\/\/radiostudiow.com.br\/site\/wp-content\/uploads\/2024\/04\/image-17.png\" alt=\"\" class=\"wp-image-21206\" srcset=\"https:\/\/radiostudiow.com.br\/site\/wp-content\/uploads\/2024\/04\/image-17.png 1024w, https:\/\/radiostudiow.com.br\/site\/wp-content\/uploads\/2024\/04\/image-17-300x113.png 300w, https:\/\/radiostudiow.com.br\/site\/wp-content\/uploads\/2024\/04\/image-17-768x290.png 768w\" sizes=\"auto, (max-width: 1024px) 100vw, 1024px\" \/><\/figure>\n\n\n\n<p>No total, est\u00e3o sendo oferecidas 14 vagas, sendo dez para secret\u00e1rio escolar e quatro para Professor de Libras.&nbsp;Tamb\u00e9m haver\u00e1 forma\u00e7\u00e3o de cadastro reserva para Professor de Educa\u00e7\u00e3o Infantil, Professor de Ensino Fundamental anos iniciais e Educa\u00e7\u00e3o Infantil.<\/p>\n\n\n\n<p>A carga hor\u00e1ria de Professor de Educa\u00e7\u00e3o Infantil ser\u00e1 de 40 horas, com sal\u00e1rio de R$ 4.580,57. Para Professor de Ensino Fundamental anos iniciais e Educa\u00e7\u00e3o Infantil, a pessoa convocada ter\u00e1 carga hor\u00e1ria de 20 horas semanais com sal\u00e1rio de R$ 2.290,28. Para a fun\u00e7\u00e3o de Professor de Libras, a jornada de trabalho ser\u00e1 de 20 horas semanais e sal\u00e1rio de R$ 2.290,28. J\u00e1 o secret\u00e1rio escolar ter\u00e1 expediente de 40 horas semanais e sal\u00e1rio de R$ 1.800. O per\u00edodo de dura\u00e7\u00e3o do contrato \u00e9 de um ano.<\/p>\n\n\n\n<p>Os&nbsp;candidatos devem ter idade m\u00ednima de 18 anos e possuir o Ensino M\u00e9dio completo ou habilita\u00e7\u00e3o em Magist\u00e9rio ou Ensino Superior, dependendo do cargo. A documenta\u00e7\u00e3o exigida est\u00e1 dispon\u00edvel no edital do PSS. O PSS ser\u00e1 composto pela apresenta\u00e7\u00e3o da prova de t\u00edtulos de car\u00e1ter classificat\u00f3rio.<\/p>\n","protected":false},"excerpt":{"rendered":"<p>Inscri\u00e7\u00f5e v\u00e3o at\u00e9 hoje sexta-feira, dia 19. Problemas de ordem t\u00e9cnica no site causaram indisponibilidade dos formul\u00e1rios de inscri\u00e7\u00e3o para o processo que visa contratar professores e secret\u00e1rios para as escolas e CMEIS de Irati\/Paulo Sava, com informa\u00e7\u00f5es da Secretaria de Educa\u00e7\u00e3o A Secretaria Municipal de Educa\u00e7\u00e3o de Irati prorrogou o prazo de inscri\u00e7\u00e3o para [&hellip;]<\/p>\n","protected":false},"author":2,"featured_media":21671,"comment_status":"open","ping_status":"open","sticky":false,"template":"","format":"standard","meta":{"footnotes":""},"categories":[7],"tags":[172],"class_list":["post-21669","post","type-post","status-publish","format-standard","has-post-thumbnail","hentry","category-geral","tag-featured"],"amp_enabled":true,"_links":{"self":[{"href":"https:\/\/radiostudiow.com.br\/site\/wp-json\/wp\/v2\/posts\/21669","targetHints":{"allow":["GET"]}}],"collection":[{"href":"https:\/\/radiostudiow.com.br\/site\/wp-json\/wp\/v2\/posts"}],"about":[{"href":"https:\/\/radiostudiow.com.br\/site\/wp-json\/wp\/v2\/types\/post"}],"author":[{"embeddable":true,"href":"https:\/\/radiostudiow.com.br\/site\/wp-json\/wp\/v2\/users\/2"}],"replies":[{"embeddable":true,"href":"https:\/\/radiostudiow.com.br\/site\/wp-json\/wp\/v2\/comments?post=21669"}],"version-history":[{"count":6,"href":"https:\/\/radiostudiow.com.br\/site\/wp-json\/wp\/v2\/posts\/21669\/revisions"}],"predecessor-version":[{"id":21733,"href":"https:\/\/radiostudiow.com.br\/site\/wp-json\/wp\/v2\/posts\/21669\/revisions\/21733"}],"wp:featuredmedia":[{"embeddable":true,"href":"https:\/\/radiostudiow.com.br\/site\/wp-json\/wp\/v2\/media\/21671"}],"wp:attachment":[{"href":"https:\/\/radiostudiow.com.br\/site\/wp-json\/wp\/v2\/media?parent=21669"}],"wp:term":[{"taxonomy":"category","embeddable":true,"href":"https:\/\/radiostudiow.com.br\/site\/wp-json\/wp\/v2\/categories?post=21669"},{"taxonomy":"post_tag","embeddable":true,"href":"https:\/\/radiostudiow.com.br\/site\/wp-json\/wp\/v2\/tags?post=21669"}],"curies":[{"name":"wp","href":"https:\/\/api.w.org\/{rel}","templated":true}]}}