{"id":21699,"date":"2024-04-18T21:13:38","date_gmt":"2024-04-19T00:13:38","guid":{"rendered":"https:\/\/radiostudiow.com.br\/site\/?p=21699"},"modified":"2025-01-31T14:59:26","modified_gmt":"2025-01-31T17:59:26","slug":"homem-e-encontrado-morto-em-uniao-da-vitoria-5","status":"publish","type":"post","link":"https:\/\/radiostudiow.com.br\/site\/2024\/04\/18\/homem-e-encontrado-morto-em-uniao-da-vitoria-5\/","title":{"rendered":"Homem \u00e9 encontrado morto em Uni\u00e3o da Vit\u00f3ria"},"content":{"rendered":"\n<p>A Pol\u00edcia Militar de Uni\u00e3o da Vit\u00f3ria foi acionada por volta das 08:40h desta quinta-feira (18), at\u00e9 o bairro Ponte Nova, onde foi encontrado o corpo de um homem em \u00f3bito.<\/p>\n\n\n\n<figure class=\"wp-block-image size-full\"><img decoding=\"async\" src=\"https:\/\/radiostudiow.com.br\/site\/wp-content\/uploads\/2024\/04\/image-54.png\" alt=\"\" class=\"wp-image-21388\"\/><\/figure>\n\n\n\n<p>Ainda n\u00e3o h\u00e1 informa\u00e7\u00f5es sobre a causa da morte ou identidade da v\u00edtima. Em breve mais informa\u00e7\u00f5es.<\/p>\n\n\n\n<p><em>Reportagem: Portal da Cidade Uni\u00e3o da Vit\u00f3ria<\/em><\/p>\n","protected":false},"excerpt":{"rendered":"<p>A Pol\u00edcia Militar de Uni\u00e3o da Vit\u00f3ria foi acionada por volta das 08:40h desta quinta-feira (18), at\u00e9 o bairro Ponte Nova, onde foi encontrado o corpo de um homem em \u00f3bito. Ainda n\u00e3o h\u00e1 informa\u00e7\u00f5es sobre a causa da morte ou identidade da v\u00edtima. Em breve mais informa\u00e7\u00f5es. Reportagem: Portal da Cidade Uni\u00e3o da Vit\u00f3ria<\/p>\n","protected":false},"author":2,"featured_media":19964,"comment_status":"open","ping_status":"open","sticky":false,"template":"","format":"standard","meta":{"footnotes":""},"categories":[185],"tags":[172],"class_list":["post-21699","post","type-post","status-publish","format-standard","has-post-thumbnail","hentry","category-regional","tag-featured"],"amp_enabled":true,"_links":{"self":[{"href":"https:\/\/radiostudiow.com.br\/site\/wp-json\/wp\/v2\/posts\/21699","targetHints":{"allow":["GET"]}}],"collection":[{"href":"https:\/\/radiostudiow.com.br\/site\/wp-json\/wp\/v2\/posts"}],"about":[{"href":"https:\/\/radiostudiow.com.br\/site\/wp-json\/wp\/v2\/types\/post"}],"author":[{"embeddable":true,"href":"https:\/\/radiostudiow.com.br\/site\/wp-json\/wp\/v2\/users\/2"}],"replies":[{"embeddable":true,"href":"https:\/\/radiostudiow.com.br\/site\/wp-json\/wp\/v2\/comments?post=21699"}],"version-history":[{"count":3,"href":"https:\/\/radiostudiow.com.br\/site\/wp-json\/wp\/v2\/posts\/21699\/revisions"}],"predecessor-version":[{"id":21716,"href":"https:\/\/radiostudiow.com.br\/site\/wp-json\/wp\/v2\/posts\/21699\/revisions\/21716"}],"wp:featuredmedia":[{"embeddable":true,"href":"https:\/\/radiostudiow.com.br\/site\/wp-json\/wp\/v2\/media\/19964"}],"wp:attachment":[{"href":"https:\/\/radiostudiow.com.br\/site\/wp-json\/wp\/v2\/media?parent=21699"}],"wp:term":[{"taxonomy":"category","embeddable":true,"href":"https:\/\/radiostudiow.com.br\/site\/wp-json\/wp\/v2\/categories?post=21699"},{"taxonomy":"post_tag","embeddable":true,"href":"https:\/\/radiostudiow.com.br\/site\/wp-json\/wp\/v2\/tags?post=21699"}],"curies":[{"name":"wp","href":"https:\/\/api.w.org\/{rel}","templated":true}]}}