{"id":21707,"date":"2024-04-18T21:10:42","date_gmt":"2024-04-19T00:10:42","guid":{"rendered":"https:\/\/radiostudiow.com.br\/site\/?p=21707"},"modified":"2025-01-31T14:59:26","modified_gmt":"2025-01-31T17:59:26","slug":"secretaria-de-educacao-de-mallet-acerta-detalhes-para-realizar-o-programa-proerd-no-municipio","status":"publish","type":"post","link":"https:\/\/radiostudiow.com.br\/site\/2024\/04\/18\/secretaria-de-educacao-de-mallet-acerta-detalhes-para-realizar-o-programa-proerd-no-municipio\/","title":{"rendered":"Secretaria de Educa\u00e7\u00e3o de Mallet acerta detalhes para realizar o Programa PROERD no munic\u00edpio"},"content":{"rendered":"\n<p>A Secretaria Municipal de Educa\u00e7\u00e3o de Mallet est\u00e1 empenhada em fortalecer a conscientiza\u00e7\u00e3o dos alunos do 5\u00ba ano sobre os perigos do uso de drogas e viol\u00eancia, atrav\u00e9s do Programa Educacional de Resist\u00eancia \u00e0s Drogas e \u00e0 Viol\u00eancia (PROERD). Com o objetivo de preparar as crian\u00e7as para enfrentarem desafios e tomarem decis\u00f5es seguras e saud\u00e1veis, a iniciativa est\u00e1 alinhando a\u00e7\u00f5es para o desenvolvimento das aulas do programa nas escolas municipais.<\/p>\n\n\n\n<figure class=\"wp-block-image size-full\"><img decoding=\"async\" src=\"https:\/\/radiostudiow.com.br\/site\/wp-content\/uploads\/2024\/04\/image-47.png\" alt=\"\" class=\"wp-image-21404\"\/><\/figure>\n\n\n\n<p>O PROERD \u00e9 reconhecido internacionalmente por sua efic\u00e1cia em prevenir o uso de drogas e a viol\u00eancia entre jovens, ao oferecer estrat\u00e9gias educacionais e orienta\u00e7\u00e3o para fortalecer a resili\u00eancia e a autoestima dos estudantes. Por meio de aulas ministradas por policiais militares treinados, o programa aborda temas como autoestima, bullying, press\u00e3o dos colegas e consequ\u00eancias do uso de drogas.<\/p>\n\n\n\n<p>Ao integrar o PROERD ao curr\u00edculo escolar, a Secretaria Municipal de Educa\u00e7\u00e3o de Mallet demonstra um compromisso s\u00f3lido com a promo\u00e7\u00e3o da sa\u00fade e seguran\u00e7a dos estudantes, al\u00e9m de contribuir para a constru\u00e7\u00e3o de uma comunidade mais consciente e resiliente.<\/p>\n\n\n\n<figure class=\"wp-block-image size-full\"><img loading=\"lazy\" decoding=\"async\" width=\"598\" height=\"204\" src=\"https:\/\/radiostudiow.com.br\/site\/wp-content\/uploads\/2024\/04\/image-39.png\" alt=\"\" class=\"wp-image-21311\" srcset=\"https:\/\/radiostudiow.com.br\/site\/wp-content\/uploads\/2024\/04\/image-39.png 598w, https:\/\/radiostudiow.com.br\/site\/wp-content\/uploads\/2024\/04\/image-39-300x102.png 300w\" sizes=\"auto, (max-width: 598px) 100vw, 598px\" \/><\/figure>\n\n\n\n<p>Essa parceria entre a educa\u00e7\u00e3o e as for\u00e7as de seguran\u00e7a p\u00fablica destaca a import\u00e2ncia da preven\u00e7\u00e3o e da orienta\u00e7\u00e3o precoce, visando um futuro mais promissor para as crian\u00e7as e adolescentes do munic\u00edpio de Mallet.<\/p>\n\n\n\n<p><\/p>\n","protected":false},"excerpt":{"rendered":"<p>A Secretaria Municipal de Educa\u00e7\u00e3o de Mallet est\u00e1 empenhada em fortalecer a conscientiza\u00e7\u00e3o dos alunos do 5\u00ba ano sobre os perigos do uso de drogas e viol\u00eancia, atrav\u00e9s do Programa Educacional de Resist\u00eancia \u00e0s Drogas e \u00e0 Viol\u00eancia (PROERD). Com o objetivo de preparar as crian\u00e7as para enfrentarem desafios e tomarem decis\u00f5es seguras e saud\u00e1veis, [&hellip;]<\/p>\n","protected":false},"author":2,"featured_media":21710,"comment_status":"open","ping_status":"open","sticky":false,"template":"","format":"standard","meta":{"footnotes":""},"categories":[184],"tags":[172],"class_list":["post-21707","post","type-post","status-publish","format-standard","has-post-thumbnail","hentry","category-local","tag-featured"],"amp_enabled":true,"_links":{"self":[{"href":"https:\/\/radiostudiow.com.br\/site\/wp-json\/wp\/v2\/posts\/21707","targetHints":{"allow":["GET"]}}],"collection":[{"href":"https:\/\/radiostudiow.com.br\/site\/wp-json\/wp\/v2\/posts"}],"about":[{"href":"https:\/\/radiostudiow.com.br\/site\/wp-json\/wp\/v2\/types\/post"}],"author":[{"embeddable":true,"href":"https:\/\/radiostudiow.com.br\/site\/wp-json\/wp\/v2\/users\/2"}],"replies":[{"embeddable":true,"href":"https:\/\/radiostudiow.com.br\/site\/wp-json\/wp\/v2\/comments?post=21707"}],"version-history":[{"count":1,"href":"https:\/\/radiostudiow.com.br\/site\/wp-json\/wp\/v2\/posts\/21707\/revisions"}],"predecessor-version":[{"id":21711,"href":"https:\/\/radiostudiow.com.br\/site\/wp-json\/wp\/v2\/posts\/21707\/revisions\/21711"}],"wp:featuredmedia":[{"embeddable":true,"href":"https:\/\/radiostudiow.com.br\/site\/wp-json\/wp\/v2\/media\/21710"}],"wp:attachment":[{"href":"https:\/\/radiostudiow.com.br\/site\/wp-json\/wp\/v2\/media?parent=21707"}],"wp:term":[{"taxonomy":"category","embeddable":true,"href":"https:\/\/radiostudiow.com.br\/site\/wp-json\/wp\/v2\/categories?post=21707"},{"taxonomy":"post_tag","embeddable":true,"href":"https:\/\/radiostudiow.com.br\/site\/wp-json\/wp\/v2\/tags?post=21707"}],"curies":[{"name":"wp","href":"https:\/\/api.w.org\/{rel}","templated":true}]}}