{"id":21734,"date":"2024-04-19T16:38:21","date_gmt":"2024-04-19T19:38:21","guid":{"rendered":"https:\/\/radiostudiow.com.br\/site\/?p=21734"},"modified":"2025-01-31T14:59:26","modified_gmt":"2025-01-31T17:59:26","slug":"policia-civil-localiza-e-prende-dois-suspeitos-do-homicidio-de-everson-moreira","status":"publish","type":"post","link":"https:\/\/radiostudiow.com.br\/site\/2024\/04\/19\/policia-civil-localiza-e-prende-dois-suspeitos-do-homicidio-de-everson-moreira\/","title":{"rendered":"Pol\u00edcia Civil localiza e prende dois suspeitos do homic\u00eddio de Everson Moreira"},"content":{"rendered":"\n<p>Na tarde desta quinta-feira, 18, uma coletiva de imprensa foi realizada na Delegacia Regional de Porto Uni\u00e3o, para esclarecimentos e novas informa\u00e7\u00f5es sobre o homic\u00eddio ocorrido em mar\u00e7o deste ano no bairro S\u00e3o Pedro.<\/p>\n\n\n\n<figure class=\"wp-block-image size-full\"><img loading=\"lazy\" decoding=\"async\" width=\"590\" height=\"204\" src=\"https:\/\/radiostudiow.com.br\/site\/wp-content\/uploads\/2024\/04\/image-9.png\" alt=\"\" class=\"wp-image-21181\" srcset=\"https:\/\/radiostudiow.com.br\/site\/wp-content\/uploads\/2024\/04\/image-9.png 590w, https:\/\/radiostudiow.com.br\/site\/wp-content\/uploads\/2024\/04\/image-9-300x104.png 300w\" sizes=\"auto, (max-width: 590px) 100vw, 590px\" \/><\/figure>\n\n\n\n<p>Na situa\u00e7\u00e3o, Everson Moreira foi baleado na cabe\u00e7a enquanto esperava o transporte para ir ao trabalho. Segundo informa\u00e7\u00f5es divulgadas na coletiva,&nbsp; os dois suspeitos pelo crime, foram localizados e presos, e est\u00e3o sob a responsabilidade da Pol\u00edcia.&nbsp;<\/p>\n\n\n\n<p>O crime aconteceu no in\u00edcio da manh\u00e3 do dia 14 de mar\u00e7o de 2024, por volta das 06h29min, na rua Professor Didio Augusto, bairro S\u00e3o Pedro<\/p>\n\n\n\n<figure class=\"wp-block-image size-full\"><img loading=\"lazy\" decoding=\"async\" width=\"897\" height=\"204\" src=\"https:\/\/radiostudiow.com.br\/site\/wp-content\/uploads\/2024\/04\/image-38.png\" alt=\"\" class=\"wp-image-21308\" srcset=\"https:\/\/radiostudiow.com.br\/site\/wp-content\/uploads\/2024\/04\/image-38.png 897w, https:\/\/radiostudiow.com.br\/site\/wp-content\/uploads\/2024\/04\/image-38-300x68.png 300w, https:\/\/radiostudiow.com.br\/site\/wp-content\/uploads\/2024\/04\/image-38-768x175.png 768w\" sizes=\"auto, (max-width: 897px) 100vw, 897px\" \/><\/figure>\n\n\n\n<p>Ao chegar no local a guarni\u00e7\u00e3o se deparou com um homem de aproximadamente 40 anos, ca\u00eddo em via p\u00fablica com ferimento perfurante na regi\u00e3o da cabe\u00e7a.&nbsp;<\/p>\n\n\n\n<p>Everson chegou a ser encaminhado para o hospital, mas acabou falecendo alguns dias depois.<\/p>\n","protected":false},"excerpt":{"rendered":"<p>Na tarde desta quinta-feira, 18, uma coletiva de imprensa foi realizada na Delegacia Regional de Porto Uni\u00e3o, para esclarecimentos e novas informa\u00e7\u00f5es sobre o homic\u00eddio ocorrido em mar\u00e7o deste ano no bairro S\u00e3o Pedro. Na situa\u00e7\u00e3o, Everson Moreira foi baleado na cabe\u00e7a enquanto esperava o transporte para ir ao trabalho. Segundo informa\u00e7\u00f5es divulgadas na coletiva,&nbsp; [&hellip;]<\/p>\n","protected":false},"author":2,"featured_media":20658,"comment_status":"open","ping_status":"open","sticky":false,"template":"","format":"standard","meta":{"footnotes":""},"categories":[2],"tags":[172],"class_list":["post-21734","post","type-post","status-publish","format-standard","has-post-thumbnail","hentry","category-policial","tag-featured"],"amp_enabled":true,"_links":{"self":[{"href":"https:\/\/radiostudiow.com.br\/site\/wp-json\/wp\/v2\/posts\/21734","targetHints":{"allow":["GET"]}}],"collection":[{"href":"https:\/\/radiostudiow.com.br\/site\/wp-json\/wp\/v2\/posts"}],"about":[{"href":"https:\/\/radiostudiow.com.br\/site\/wp-json\/wp\/v2\/types\/post"}],"author":[{"embeddable":true,"href":"https:\/\/radiostudiow.com.br\/site\/wp-json\/wp\/v2\/users\/2"}],"replies":[{"embeddable":true,"href":"https:\/\/radiostudiow.com.br\/site\/wp-json\/wp\/v2\/comments?post=21734"}],"version-history":[{"count":1,"href":"https:\/\/radiostudiow.com.br\/site\/wp-json\/wp\/v2\/posts\/21734\/revisions"}],"predecessor-version":[{"id":21735,"href":"https:\/\/radiostudiow.com.br\/site\/wp-json\/wp\/v2\/posts\/21734\/revisions\/21735"}],"wp:featuredmedia":[{"embeddable":true,"href":"https:\/\/radiostudiow.com.br\/site\/wp-json\/wp\/v2\/media\/20658"}],"wp:attachment":[{"href":"https:\/\/radiostudiow.com.br\/site\/wp-json\/wp\/v2\/media?parent=21734"}],"wp:term":[{"taxonomy":"category","embeddable":true,"href":"https:\/\/radiostudiow.com.br\/site\/wp-json\/wp\/v2\/categories?post=21734"},{"taxonomy":"post_tag","embeddable":true,"href":"https:\/\/radiostudiow.com.br\/site\/wp-json\/wp\/v2\/tags?post=21734"}],"curies":[{"name":"wp","href":"https:\/\/api.w.org\/{rel}","templated":true}]}}