{"id":21738,"date":"2024-04-19T19:18:15","date_gmt":"2024-04-19T22:18:15","guid":{"rendered":"https:\/\/radiostudiow.com.br\/site\/?p=21738"},"modified":"2025-01-31T14:59:26","modified_gmt":"2025-01-31T17:59:26","slug":"acidente-na-br-153-mobiliza-equipes-de-resgate-em-general-carneiro","status":"publish","type":"post","link":"https:\/\/radiostudiow.com.br\/site\/2024\/04\/19\/acidente-na-br-153-mobiliza-equipes-de-resgate-em-general-carneiro\/","title":{"rendered":"Acidente na BR-153 mobiliza equipes de resgate em General Carneiro"},"content":{"rendered":"\n<p>Equipes de resgate se mobilizaram com um acidente na BR-153, no km 498, sentido Trevo Horizonte, em General Carneiro. A colis\u00e3o envolveu um caminh\u00e3o Volkswagen, com placas de S\u00e3o Jos\u00e9 do Ouro\/RS, e um ve\u00edculo Onix de cor prata, registrado em Joinville na manh\u00e3 de hoje, sexta-feira (19).<\/p>\n\n\n\n<figure class=\"wp-block-image size-full\"><img loading=\"lazy\" decoding=\"async\" width=\"897\" height=\"204\" src=\"https:\/\/radiostudiow.com.br\/site\/wp-content\/uploads\/2024\/04\/image-50.png\" alt=\"\" class=\"wp-image-21368\" srcset=\"https:\/\/radiostudiow.com.br\/site\/wp-content\/uploads\/2024\/04\/image-50.png 897w, https:\/\/radiostudiow.com.br\/site\/wp-content\/uploads\/2024\/04\/image-50-300x68.png 300w, https:\/\/radiostudiow.com.br\/site\/wp-content\/uploads\/2024\/04\/image-50-768x175.png 768w\" sizes=\"auto, (max-width: 897px) 100vw, 897px\" \/><\/figure>\n\n\n\n<p>A colis\u00e3o deixou uma passageira do ve\u00edculo ferida, uma mulher de 20 anos, que foi prontamente atendida pelas equipes do SAMU. Ela apresentava suspeita de fraturas nos arcos costais e hemorragia interna, sendo encaminhada para cuidados m\u00e9dicos.<\/p>\n\n\n\n<p>De acordo com relatos do condutor do caminh\u00e3o, o acidente foi desencadeado por uma caminhonete que, ap\u00f3s a colis\u00e3o, deixou o local da ocorr\u00eancia. O condutor do Onix, ao realizar uma manobra brusca para evitar a caminhonete, acabou gerando a colis\u00e3o com o caminh\u00e3o, impossibilitando que o motorista deste \u00faltimo evitasse o choque.<\/p>\n\n\n\n<figure class=\"wp-block-image size-full\"><img decoding=\"async\" src=\"https:\/\/radiostudiow.com.br\/site\/wp-content\/uploads\/2024\/04\/image-30.png\" alt=\"\" class=\"wp-image-21286\"\/><\/figure>\n\n\n\n<p>A Pol\u00edcia Rodovi\u00e1ria Federal tamb\u00e9m esteve presente no local para realizar os procedimentos necess\u00e1rios e apurar as circunst\u00e2ncias do acidente. As autoridades refor\u00e7am a import\u00e2ncia da prud\u00eancia no tr\u00e2nsito e a colabora\u00e7\u00e3o de todos os condutores para evitar esse tipo de incidente.<\/p>\n","protected":false},"excerpt":{"rendered":"<p>Equipes de resgate se mobilizaram com um acidente na BR-153, no km 498, sentido Trevo Horizonte, em General Carneiro. A colis\u00e3o envolveu um caminh\u00e3o Volkswagen, com placas de S\u00e3o Jos\u00e9 do Ouro\/RS, e um ve\u00edculo Onix de cor prata, registrado em Joinville na manh\u00e3 de hoje, sexta-feira (19). A colis\u00e3o deixou uma passageira do ve\u00edculo [&hellip;]<\/p>\n","protected":false},"author":2,"featured_media":21754,"comment_status":"open","ping_status":"open","sticky":false,"template":"","format":"standard","meta":{"footnotes":""},"categories":[185],"tags":[172],"class_list":["post-21738","post","type-post","status-publish","format-standard","has-post-thumbnail","hentry","category-regional","tag-featured"],"amp_enabled":true,"_links":{"self":[{"href":"https:\/\/radiostudiow.com.br\/site\/wp-json\/wp\/v2\/posts\/21738","targetHints":{"allow":["GET"]}}],"collection":[{"href":"https:\/\/radiostudiow.com.br\/site\/wp-json\/wp\/v2\/posts"}],"about":[{"href":"https:\/\/radiostudiow.com.br\/site\/wp-json\/wp\/v2\/types\/post"}],"author":[{"embeddable":true,"href":"https:\/\/radiostudiow.com.br\/site\/wp-json\/wp\/v2\/users\/2"}],"replies":[{"embeddable":true,"href":"https:\/\/radiostudiow.com.br\/site\/wp-json\/wp\/v2\/comments?post=21738"}],"version-history":[{"count":2,"href":"https:\/\/radiostudiow.com.br\/site\/wp-json\/wp\/v2\/posts\/21738\/revisions"}],"predecessor-version":[{"id":21755,"href":"https:\/\/radiostudiow.com.br\/site\/wp-json\/wp\/v2\/posts\/21738\/revisions\/21755"}],"wp:featuredmedia":[{"embeddable":true,"href":"https:\/\/radiostudiow.com.br\/site\/wp-json\/wp\/v2\/media\/21754"}],"wp:attachment":[{"href":"https:\/\/radiostudiow.com.br\/site\/wp-json\/wp\/v2\/media?parent=21738"}],"wp:term":[{"taxonomy":"category","embeddable":true,"href":"https:\/\/radiostudiow.com.br\/site\/wp-json\/wp\/v2\/categories?post=21738"},{"taxonomy":"post_tag","embeddable":true,"href":"https:\/\/radiostudiow.com.br\/site\/wp-json\/wp\/v2\/tags?post=21738"}],"curies":[{"name":"wp","href":"https:\/\/api.w.org\/{rel}","templated":true}]}}