{"id":21746,"date":"2024-04-19T18:40:30","date_gmt":"2024-04-19T21:40:30","guid":{"rendered":"https:\/\/radiostudiow.com.br\/site\/?p=21746"},"modified":"2025-01-31T14:59:26","modified_gmt":"2025-01-31T17:59:26","slug":"19-de-abril-dia-dos-povos-indigenas-2024-saiba-importancia-da-data-e-conheca-desafios-enfrentados-pelas-comunidades","status":"publish","type":"post","link":"https:\/\/radiostudiow.com.br\/site\/2024\/04\/19\/19-de-abril-dia-dos-povos-indigenas-2024-saiba-importancia-da-data-e-conheca-desafios-enfrentados-pelas-comunidades\/","title":{"rendered":"19 de Abril &#8211; Dia dos Povos Ind\u00edgenas 2024: saiba import\u00e2ncia da data e conhe\u00e7a desafios enfrentados pelas comunidades"},"content":{"rendered":"\n<p>Comemora-se hoje, 19 de Abril o dia dos povos ind\u00edgenas. A data tem como objetivo celebrar a diversidade cultural do Brasil e de seus povos origin\u00e1rios e refletir sobre os desafios enfrentados por essas comunidades.<\/p>\n\n\n\n<figure class=\"wp-block-image size-full\"><img loading=\"lazy\" decoding=\"async\" width=\"897\" height=\"204\" src=\"https:\/\/radiostudiow.com.br\/site\/wp-content\/uploads\/2024\/04\/image-15.png\" alt=\"\" class=\"wp-image-21199\" srcset=\"https:\/\/radiostudiow.com.br\/site\/wp-content\/uploads\/2024\/04\/image-15.png 897w, https:\/\/radiostudiow.com.br\/site\/wp-content\/uploads\/2024\/04\/image-15-300x68.png 300w, https:\/\/radiostudiow.com.br\/site\/wp-content\/uploads\/2024\/04\/image-15-768x175.png 768w\" sizes=\"auto, (max-width: 897px) 100vw, 897px\" \/><\/figure>\n\n\n\n<p>Outro objetivo da celebra\u00e7\u00e3o do Dia dos povos ind\u00edgenas \u00e9 renovar o compromisso com os direitos dessas comunidades. O \u00f3rg\u00e3o que cuida dos direitos dos ind\u00edgenas brasileiros e a funda\u00e7\u00e3o nacional dos povos ind\u00edgenas &#8211; Funai.<\/p>\n\n\n\n<p>At\u00e9 2022 a data celebrada hoje se chamava de a do \u00cdndio, mas, ap\u00f3s a promulga\u00e7\u00e3o da lei 14.402\/22, passou a ser conhecida como dia dos povos ind\u00edgenas.<\/p>\n\n\n\n<p>A especialista em psicologia jur\u00eddica e media\u00e7\u00e3o de conflitos, Mary Cristine, lembra que os povos ind\u00edgenas enfrentam uma s\u00e9rie de desafios al\u00e9m dos territoriais no Brasil e no mundo. &#8220;Racismo, preconceito, discrimina\u00e7\u00e3o social pol\u00edticas governamentais que marginalizam e ignoram os direitos dos povos ind\u00edgenas, viola\u00e7\u00e3o dos direitos das mulheres ind\u00edgenas, falta de acesso \u00e0 sa\u00fade e outros servi\u00e7os p\u00fablicos especialmente em \u00e1reas remotas e em condi\u00e7\u00f5es de pobreza.&#8221; afirma.<\/p>\n\n\n\n<figure class=\"wp-block-image size-full\"><img decoding=\"async\" src=\"https:\/\/radiostudiow.com.br\/site\/wp-content\/uploads\/2024\/04\/image-47.png\" alt=\"\" class=\"wp-image-21404\"\/><\/figure>\n\n\n\n<p>Ainda conforme Mary Cristine, advogado e psic\u00f3loga, &#8220;o dia nacional dos povos ind\u00edgenas, lembramos que a prote\u00e7\u00e3o legal dos direitos dos povos ind\u00edgenas \u00e9 fundamental por diversas raz\u00f5es. A princ\u00edpio, reconhecer que os povos ind\u00edgenas t\u00eam culturas, l\u00ednguas e modos de vida distintos dos da maioria da sociedade&#8221;.<\/p>\n\n\n\n<p><strong>CONFIRA A M\u00c1TERIA COMPLETA CLICANDO <a href=\"https:\/\/brasilescola.uol.com.br\/noticias\/dia-dos-povos-indigenas-saiba-importancia-da-data-e-conheca-desafios-enfrentados-pelas-comunidades\/3131218.html\" data-type=\"link\" data-id=\"https:\/\/brasilescola.uol.com.br\/noticias\/dia-dos-povos-indigenas-saiba-importancia-da-data-e-conheca-desafios-enfrentados-pelas-comunidades\/3131218.html\">AQUI<\/a>!<\/strong><\/p>\n","protected":false},"excerpt":{"rendered":"<p>Comemora-se hoje, 19 de Abril o dia dos povos ind\u00edgenas. A data tem como objetivo celebrar a diversidade cultural do Brasil e de seus povos origin\u00e1rios e refletir sobre os desafios enfrentados por essas comunidades. Outro objetivo da celebra\u00e7\u00e3o do Dia dos povos ind\u00edgenas \u00e9 renovar o compromisso com os direitos dessas comunidades. O \u00f3rg\u00e3o [&hellip;]<\/p>\n","protected":false},"author":2,"featured_media":21747,"comment_status":"open","ping_status":"open","sticky":false,"template":"","format":"standard","meta":{"footnotes":""},"categories":[7],"tags":[172],"class_list":["post-21746","post","type-post","status-publish","format-standard","has-post-thumbnail","hentry","category-geral","tag-featured"],"amp_enabled":true,"_links":{"self":[{"href":"https:\/\/radiostudiow.com.br\/site\/wp-json\/wp\/v2\/posts\/21746","targetHints":{"allow":["GET"]}}],"collection":[{"href":"https:\/\/radiostudiow.com.br\/site\/wp-json\/wp\/v2\/posts"}],"about":[{"href":"https:\/\/radiostudiow.com.br\/site\/wp-json\/wp\/v2\/types\/post"}],"author":[{"embeddable":true,"href":"https:\/\/radiostudiow.com.br\/site\/wp-json\/wp\/v2\/users\/2"}],"replies":[{"embeddable":true,"href":"https:\/\/radiostudiow.com.br\/site\/wp-json\/wp\/v2\/comments?post=21746"}],"version-history":[{"count":1,"href":"https:\/\/radiostudiow.com.br\/site\/wp-json\/wp\/v2\/posts\/21746\/revisions"}],"predecessor-version":[{"id":21752,"href":"https:\/\/radiostudiow.com.br\/site\/wp-json\/wp\/v2\/posts\/21746\/revisions\/21752"}],"wp:featuredmedia":[{"embeddable":true,"href":"https:\/\/radiostudiow.com.br\/site\/wp-json\/wp\/v2\/media\/21747"}],"wp:attachment":[{"href":"https:\/\/radiostudiow.com.br\/site\/wp-json\/wp\/v2\/media?parent=21746"}],"wp:term":[{"taxonomy":"category","embeddable":true,"href":"https:\/\/radiostudiow.com.br\/site\/wp-json\/wp\/v2\/categories?post=21746"},{"taxonomy":"post_tag","embeddable":true,"href":"https:\/\/radiostudiow.com.br\/site\/wp-json\/wp\/v2\/tags?post=21746"}],"curies":[{"name":"wp","href":"https:\/\/api.w.org\/{rel}","templated":true}]}}