{"id":21757,"date":"2024-04-19T20:58:21","date_gmt":"2024-04-19T23:58:21","guid":{"rendered":"https:\/\/radiostudiow.com.br\/site\/?p=21757"},"modified":"2025-01-31T14:59:26","modified_gmt":"2025-01-31T17:59:26","slug":"furto-de-cabos-afeta-transmissao-dos-canais-de-tv-aberta-em-mallet-secretaria-de-administracao-busca-solucoes","status":"publish","type":"post","link":"https:\/\/radiostudiow.com.br\/site\/2024\/04\/19\/furto-de-cabos-afeta-transmissao-dos-canais-de-tv-aberta-em-mallet-secretaria-de-administracao-busca-solucoes\/","title":{"rendered":"Furto de cabos afeta transmiss\u00e3o dos canais de TV aberta em Mallet. Secretaria de Administra\u00e7\u00e3o busca solu\u00e7\u00f5es"},"content":{"rendered":"\n<p>Nessa \u00faltima semana, a popula\u00e7\u00e3o malletense enfrentou a aus\u00eancia dos canais de televis\u00e3o aberta, gerando muitos coment\u00e1rios na cidade, pois para muitos essa \u00e9 a \u00fanica forma de assistir a programa\u00e7\u00e3o dos canais de televis\u00e3o em nossa cidade.<\/p>\n\n\n\n<figure class=\"wp-block-image size-full\"><img loading=\"lazy\" decoding=\"async\" width=\"897\" height=\"204\" src=\"https:\/\/radiostudiow.com.br\/site\/wp-content\/uploads\/2024\/04\/image-50.png\" alt=\"\" class=\"wp-image-21368\" srcset=\"https:\/\/radiostudiow.com.br\/site\/wp-content\/uploads\/2024\/04\/image-50.png 897w, https:\/\/radiostudiow.com.br\/site\/wp-content\/uploads\/2024\/04\/image-50-300x68.png 300w, https:\/\/radiostudiow.com.br\/site\/wp-content\/uploads\/2024\/04\/image-50-768x175.png 768w\" sizes=\"auto, (max-width: 897px) 100vw, 897px\" \/><\/figure>\n\n\n\n<p>O W Not\u00edcias procurou saber o que est\u00e1 acontecendo e descobriu que&nbsp; devido ao furto de cabos da antena instalada na localidade da Serra do Tigre, os canais est\u00e3o fora do ar.<\/p>\n\n\n\n<p>&nbsp;Al\u00e9m dos cabos, o rel\u00f3gio medidor de energia el\u00e9trica tamb\u00e9m foi levado, complicando ainda mais a situa\u00e7\u00e3o.&nbsp;<\/p>\n\n\n\n<p>Cleber Augusto Engroff, Secret\u00e1rio de Administra\u00e7\u00e3o da prefeitura de Mallet, informou \u00e0 nossa equipe que uma solicita\u00e7\u00e3o de verifica\u00e7\u00e3o foi aberta junto \u00e0 empresa Copel.<\/p>\n\n\n\n<figure class=\"wp-block-image size-full\"><img loading=\"lazy\" decoding=\"async\" width=\"897\" height=\"204\" src=\"https:\/\/radiostudiow.com.br\/site\/wp-content\/uploads\/2024\/04\/image-51.png\" alt=\"\" class=\"wp-image-21370\" srcset=\"https:\/\/radiostudiow.com.br\/site\/wp-content\/uploads\/2024\/04\/image-51.png 897w, https:\/\/radiostudiow.com.br\/site\/wp-content\/uploads\/2024\/04\/image-51-300x68.png 300w, https:\/\/radiostudiow.com.br\/site\/wp-content\/uploads\/2024\/04\/image-51-768x175.png 768w\" sizes=\"auto, (max-width: 897px) 100vw, 897px\" \/><\/figure>\n\n\n\n<p>Segundo Engroff, no local afetado, a energia est\u00e1 em meia fase. \u201cEspera-se que nas pr\u00f3ximas horas o problema seja solucionado e os canais abertos da RPC de Curitiba e SBT possam voltar a funcionar\u201d, destacou Cleber \u00e0 nossa reportagem.<\/p>\n\n\n\n<p>N\u00e3o \u00e9 a primeira vez que ocorre esse tipo de delito. Segundo a Prefeitura Municipal de Mallet j\u00e1 est\u00e1 tomando os devidos procedimentos para que isso n\u00e3o volte a acontecer mais.<\/p>\n","protected":false},"excerpt":{"rendered":"<p>Nessa \u00faltima semana, a popula\u00e7\u00e3o malletense enfrentou a aus\u00eancia dos canais de televis\u00e3o aberta, gerando muitos coment\u00e1rios na cidade, pois para muitos essa \u00e9 a \u00fanica forma de assistir a programa\u00e7\u00e3o dos canais de televis\u00e3o em nossa cidade. O W Not\u00edcias procurou saber o que est\u00e1 acontecendo e descobriu que&nbsp; devido ao furto de cabos [&hellip;]<\/p>\n","protected":false},"author":2,"featured_media":21758,"comment_status":"open","ping_status":"open","sticky":false,"template":"","format":"standard","meta":{"footnotes":""},"categories":[184],"tags":[172],"class_list":["post-21757","post","type-post","status-publish","format-standard","has-post-thumbnail","hentry","category-local","tag-featured"],"amp_enabled":true,"_links":{"self":[{"href":"https:\/\/radiostudiow.com.br\/site\/wp-json\/wp\/v2\/posts\/21757","targetHints":{"allow":["GET"]}}],"collection":[{"href":"https:\/\/radiostudiow.com.br\/site\/wp-json\/wp\/v2\/posts"}],"about":[{"href":"https:\/\/radiostudiow.com.br\/site\/wp-json\/wp\/v2\/types\/post"}],"author":[{"embeddable":true,"href":"https:\/\/radiostudiow.com.br\/site\/wp-json\/wp\/v2\/users\/2"}],"replies":[{"embeddable":true,"href":"https:\/\/radiostudiow.com.br\/site\/wp-json\/wp\/v2\/comments?post=21757"}],"version-history":[{"count":1,"href":"https:\/\/radiostudiow.com.br\/site\/wp-json\/wp\/v2\/posts\/21757\/revisions"}],"predecessor-version":[{"id":21759,"href":"https:\/\/radiostudiow.com.br\/site\/wp-json\/wp\/v2\/posts\/21757\/revisions\/21759"}],"wp:featuredmedia":[{"embeddable":true,"href":"https:\/\/radiostudiow.com.br\/site\/wp-json\/wp\/v2\/media\/21758"}],"wp:attachment":[{"href":"https:\/\/radiostudiow.com.br\/site\/wp-json\/wp\/v2\/media?parent=21757"}],"wp:term":[{"taxonomy":"category","embeddable":true,"href":"https:\/\/radiostudiow.com.br\/site\/wp-json\/wp\/v2\/categories?post=21757"},{"taxonomy":"post_tag","embeddable":true,"href":"https:\/\/radiostudiow.com.br\/site\/wp-json\/wp\/v2\/tags?post=21757"}],"curies":[{"name":"wp","href":"https:\/\/api.w.org\/{rel}","templated":true}]}}