{"id":21781,"date":"2024-04-23T09:19:45","date_gmt":"2024-04-23T12:19:45","guid":{"rendered":"https:\/\/radiostudiow.com.br\/site\/?p=21781"},"modified":"2025-01-31T14:59:25","modified_gmt":"2025-01-31T17:59:25","slug":"policia-militar-de-mallet-prende-individuo-por-trafico-de-drogas-durante-patrulhamento-na-area-central-do-municipio","status":"publish","type":"post","link":"https:\/\/radiostudiow.com.br\/site\/2024\/04\/23\/policia-militar-de-mallet-prende-individuo-por-trafico-de-drogas-durante-patrulhamento-na-area-central-do-municipio\/","title":{"rendered":"Pol\u00edcia Militar de Mallet prende indiv\u00edduo por tr\u00e1fico de drogas durante patrulhamento na \u00e1rea central do munic\u00edpio"},"content":{"rendered":"\n<p>Neste domingo (21), durante um patrulhamento de rotina pela Avenida Jo\u00e3o Pessoa, \u00e1rea central de Mallet, a equipe da Pol\u00edcia Militar avistou uma motocicleta irregular transitando pela via por volta das 19:00 horas.<\/p>\n\n\n\n<figure class=\"wp-block-image size-full\"><img loading=\"lazy\" decoding=\"async\" width=\"897\" height=\"204\" src=\"https:\/\/radiostudiow.com.br\/site\/wp-content\/uploads\/2024\/04\/image-50.png\" alt=\"\" class=\"wp-image-21368\" srcset=\"https:\/\/radiostudiow.com.br\/site\/wp-content\/uploads\/2024\/04\/image-50.png 897w, https:\/\/radiostudiow.com.br\/site\/wp-content\/uploads\/2024\/04\/image-50-300x68.png 300w, https:\/\/radiostudiow.com.br\/site\/wp-content\/uploads\/2024\/04\/image-50-768x175.png 768w\" sizes=\"auto, (max-width: 897px) 100vw, 897px\" \/><\/figure>\n\n\n\n<p>Segundo o relat\u00f3rio policial, a motocicleta Honda CBX250 Twister estava emitindo um ru\u00eddo acima do permitido devido ao escapamento.<\/p>\n\n\n\n<p>A equipe policial realizou a abordagem imediatamente. Durante a revista pessoal ao condutor, foi encontrado um saco transparente contendo 27 envolt\u00f3rios de subst\u00e2ncia an\u00e1loga \u00e0 coca\u00edna no bolso direito do cal\u00e7\u00e3o.<\/p>\n\n\n\n<p>Diante dessa evid\u00eancia, o indiv\u00edduo foi detido por tr\u00e1fico de drogas.<\/p>\n\n\n\n<p>Ap\u00f3s a pris\u00e3o, o autor foi conduzido at\u00e9 a 4\u00aa Subdivis\u00e3o Policial (SDP) de Uni\u00e3o da Vit\u00f3ria para os procedimentos de Pol\u00edcia Judici\u00e1ria.<\/p>\n\n\n\n<figure class=\"wp-block-image size-full\"><img decoding=\"async\" src=\"https:\/\/radiostudiow.com.br\/site\/wp-content\/uploads\/2024\/04\/image-47.png\" alt=\"\" class=\"wp-image-21404\"\/><\/figure>\n\n\n\n<p>Al\u00e9m disso, a motocicleta utilizada para cometer o il\u00edcito foi entregue na Delegacia de Mallet.<\/p>\n\n\n\n<p>A a\u00e7\u00e3o r\u00e1pida e eficaz da Pol\u00edcia Militar resultou na pris\u00e3o do suspeito e na apreens\u00e3o de subst\u00e2ncias il\u00edcitas, contribuindo para a seguran\u00e7a da comunidade e o combate ao tr\u00e1fico de drogas na regi\u00e3o.<\/p>\n","protected":false},"excerpt":{"rendered":"<p>Neste domingo (21), durante um patrulhamento de rotina pela Avenida Jo\u00e3o Pessoa, \u00e1rea central de Mallet, a equipe da Pol\u00edcia Militar avistou uma motocicleta irregular transitando pela via por volta das 19:00 horas. Segundo o relat\u00f3rio policial, a motocicleta Honda CBX250 Twister estava emitindo um ru\u00eddo acima do permitido devido ao escapamento. A equipe policial [&hellip;]<\/p>\n","protected":false},"author":2,"featured_media":21819,"comment_status":"open","ping_status":"open","sticky":false,"template":"","format":"standard","meta":{"footnotes":""},"categories":[184],"tags":[172],"class_list":["post-21781","post","type-post","status-publish","format-standard","has-post-thumbnail","hentry","category-local","tag-featured"],"amp_enabled":true,"_links":{"self":[{"href":"https:\/\/radiostudiow.com.br\/site\/wp-json\/wp\/v2\/posts\/21781","targetHints":{"allow":["GET"]}}],"collection":[{"href":"https:\/\/radiostudiow.com.br\/site\/wp-json\/wp\/v2\/posts"}],"about":[{"href":"https:\/\/radiostudiow.com.br\/site\/wp-json\/wp\/v2\/types\/post"}],"author":[{"embeddable":true,"href":"https:\/\/radiostudiow.com.br\/site\/wp-json\/wp\/v2\/users\/2"}],"replies":[{"embeddable":true,"href":"https:\/\/radiostudiow.com.br\/site\/wp-json\/wp\/v2\/comments?post=21781"}],"version-history":[{"count":3,"href":"https:\/\/radiostudiow.com.br\/site\/wp-json\/wp\/v2\/posts\/21781\/revisions"}],"predecessor-version":[{"id":21816,"href":"https:\/\/radiostudiow.com.br\/site\/wp-json\/wp\/v2\/posts\/21781\/revisions\/21816"}],"wp:featuredmedia":[{"embeddable":true,"href":"https:\/\/radiostudiow.com.br\/site\/wp-json\/wp\/v2\/media\/21819"}],"wp:attachment":[{"href":"https:\/\/radiostudiow.com.br\/site\/wp-json\/wp\/v2\/media?parent=21781"}],"wp:term":[{"taxonomy":"category","embeddable":true,"href":"https:\/\/radiostudiow.com.br\/site\/wp-json\/wp\/v2\/categories?post=21781"},{"taxonomy":"post_tag","embeddable":true,"href":"https:\/\/radiostudiow.com.br\/site\/wp-json\/wp\/v2\/tags?post=21781"}],"curies":[{"name":"wp","href":"https:\/\/api.w.org\/{rel}","templated":true}]}}