{"id":21802,"date":"2024-04-22T18:14:39","date_gmt":"2024-04-22T21:14:39","guid":{"rendered":"https:\/\/radiostudiow.com.br\/site\/?p=21802"},"modified":"2025-01-31T14:59:25","modified_gmt":"2025-01-31T17:59:25","slug":"beneficiarios-do-inss-comecam-a-receber-o-13o-a-partir-de-quarta-feira","status":"publish","type":"post","link":"https:\/\/radiostudiow.com.br\/site\/2024\/04\/22\/beneficiarios-do-inss-comecam-a-receber-o-13o-a-partir-de-quarta-feira\/","title":{"rendered":"Benefici\u00e1rios do INSS come\u00e7am a receber o 13\u00ba a partir de quarta-feira"},"content":{"rendered":"\n<p>Os aposentados e pensionistas do Instituto Nacional do Seguro Social (INSS) come\u00e7am a receber a primeira metade da parcela do 13\u00ba sal\u00e1rio, a partir desta quarta-feira (24). Em geral, a primeira parcela do abono anual, tamb\u00e9m conhecido como 13\u00ba dos benefici\u00e1rios da Previd\u00eancia Social, ocorre em agosto de cada ano.<\/p>\n\n\n\n<figure class=\"wp-block-image size-full\"><img loading=\"lazy\" decoding=\"async\" width=\"598\" height=\"204\" src=\"https:\/\/radiostudiow.com.br\/site\/wp-content\/uploads\/2024\/04\/image-39.png\" alt=\"\" class=\"wp-image-21311\" srcset=\"https:\/\/radiostudiow.com.br\/site\/wp-content\/uploads\/2024\/04\/image-39.png 598w, https:\/\/radiostudiow.com.br\/site\/wp-content\/uploads\/2024\/04\/image-39-300x102.png 300w\" sizes=\"auto, (max-width: 598px) 100vw, 598px\" \/><\/figure>\n\n\n\n<p>No m\u00eas passado, o governo federal&nbsp;determinou a<a href=\"https:\/\/www.in.gov.br\/en\/web\/dou\/-\/decreto-n-11.947-de-12-de-marco-de-2024-548022270\" target=\"_blank\" rel=\"noreferrer noopener\">&nbsp;antecipa\u00e7\u00e3o do pagamento<\/a>&nbsp;das duas parcelas do 13\u00ba sal\u00e1rio a&nbsp;33,6 milh\u00f5es de benefici\u00e1rios. De acordo com dados da folha de pagamentos, o volume de recursos s\u00f3 com a&nbsp;primeira parcela do benef\u00edcio injetar\u00e1&nbsp;R$ 33,68 bilh\u00f5es na economia brasileira.<\/p>\n\n\n\n<p>O valor antecipado corresponde a 50% do total do abono anual e sobre a primeira parcela n\u00e3o incide desconto de Imposto de Renda Retido na Fonte (IRRF). Nos casos em que \u00e9 poss\u00edvel a cobran\u00e7a, o imposto ser\u00e1 descontado somente na segunda parcela do 13\u00ba.<\/p>\n\n\n\n<h2 class=\"wp-block-heading\">Calend\u00e1rio<\/h2>\n\n\n\n<p>O calend\u00e1rio de pagamentos leva em conta o n\u00famero final do cart\u00e3o de benef\u00edcio, sem considerar o \u00faltimo d\u00edgito verificador, que aparece depois do tra\u00e7o, tamb\u00e9m chamado de N\u00famero de Identifica\u00e7\u00e3o Social (NIS).<\/p>\n\n\n\n<p>O dinheiro ser\u00e1 depositado junto com o benef\u00edcio referente ao m\u00eas de abril, pago entre 24 de abril e 8 de maio. Os segurados com benef\u00edcio com d\u00edgito final 1 e que ganham at\u00e9 um sal\u00e1rio m\u00ednimo vigente (R$1.412) ser\u00e3o os primeiros a receber e, assim, por dia diante. A segunda parcela do 13\u00ba sal\u00e1rio do INSS de 2024 ser\u00e1 paga com os benef\u00edcios regulares de maio, creditado entre o fim de maio e o in\u00edcio de junho.<\/p>\n\n\n\n<figure class=\"wp-block-image\"><img decoding=\"async\" src=\"https:\/\/media.folhadeirati.com.br\/2024\/04\/561c04e0-240226_secom_calendariodepagamento13oinss_0.webp\" alt=\"\" class=\"wp-image-65953\"\/><figcaption class=\"wp-element-caption\">Governo Federal antecipa o \u201c13\u00ba do INSS\u201d a 33,7 milh\u00f5es de segurados. Calend\u00e1rio de pagamentos do 13\u00ba do INSS \u2013 Arte:&nbsp;Secom\/PR<\/figcaption><\/figure>\n\n\n\n<p>O calend\u00e1rio de pagamentos completo do INSS pode ser acompanhado no&nbsp;<a href=\"https:\/\/www.gov.br\/inss\/pt-br\/assuntos\/sai-o-calendario-de-pagamentos-de-2024\" target=\"_blank\" rel=\"noreferrer noopener\">link<\/a>&nbsp;calend\u00e1rio 2024.&nbsp;<\/p>\n\n\n\n<h2 class=\"wp-block-heading\">Quem tem direito<\/h2>\n\n\n\n<p>Recebem o abono os segurados e pensionistas da Previd\u00eancia Social que durante o ano de 2024 tenham recebido aposentadoria, aux\u00edlio por incapacidade tempor\u00e1ria, aux\u00edlio-acidente, pens\u00e3o por morte ou aux\u00edlio-reclus\u00e3o.<\/p>\n\n\n\n<figure class=\"wp-block-image size-full\"><img loading=\"lazy\" decoding=\"async\" width=\"897\" height=\"204\" src=\"https:\/\/radiostudiow.com.br\/site\/wp-content\/uploads\/2024\/04\/image-37.png\" alt=\"\" class=\"wp-image-21305\" srcset=\"https:\/\/radiostudiow.com.br\/site\/wp-content\/uploads\/2024\/04\/image-37.png 897w, https:\/\/radiostudiow.com.br\/site\/wp-content\/uploads\/2024\/04\/image-37-300x68.png 300w, https:\/\/radiostudiow.com.br\/site\/wp-content\/uploads\/2024\/04\/image-37-768x175.png 768w\" sizes=\"auto, (max-width: 897px) 100vw, 897px\" \/><\/figure>\n\n\n\n<p>O 13\u00ba \u00e9 devido a aposentados, pensionistas, al\u00e9m de pessoas que receberem, ao longo de 2024, benef\u00edcios tempor\u00e1rios, como aux\u00edlio por incapacidade tempor\u00e1ria e aux\u00edlio-reclus\u00e3o. Nesses casos tempor\u00e1rios, o valor \u00e9 proporcional ao tempo de recebimento do benef\u00edcio.<\/p>\n\n\n\n<p>Quem recebe sal\u00e1rio-maternidade tamb\u00e9m tem direito ao 13\u00ba proporcional. Por\u00e9m, ele \u00e9 pago junto com a \u00faltima parcela do sal\u00e1rio-maternidade e, por isso, a pessoa n\u00e3o recebe o valor extra junto com os demais benefici\u00e1rios, agora.<\/p>\n\n\n\n<p>O d\u00e9cimo terceiro n\u00e3o \u00e9 pago a quem recebe o Benef\u00edcio de Presta\u00e7\u00e3o Continuada (BPC). Os idosos e as pessoa com defici\u00eancia com BPC n\u00e3o t\u00eam direito a essa parcela adicional.<\/p>\n\n\n\n<h2 class=\"wp-block-heading\">Como consultar<\/h2>\n\n\n\n<p>Os segurados podem consultar o n\u00famero do cart\u00e3o do benef\u00edcio no&nbsp;<em><a href=\"https:\/\/meu.inss.gov.br\/\" target=\"_blank\" rel=\"noreferrer noopener\">site<\/a><\/em>&nbsp;e pelo aplicativo Meu INSS, dispon\u00edvel para smartphones com sistemas Android e iOS. Nos dois casos, \u00e9 necess\u00e1rio fazer login e senha no<a href=\"https:\/\/meu.inss.gov.br\/#\/login\" target=\"_blank\" rel=\"noreferrer noopener\">&nbsp;portal Gov.br<\/a>.<\/p>\n\n\n\n<p>Para acessar todos os detalhes sobre o pagamento do benef\u00edcio, basta clicar no servi\u00e7o \u201cExtrato de pagamento\u201d.<\/p>\n\n\n\n<p>Outra forma \u00e9 pela central telef\u00f4nica 135, que funciona de segunda \u00e0 s\u00e1bado, das 7h \u00e0s 22h.<\/p>\n","protected":false},"excerpt":{"rendered":"<p>Os aposentados e pensionistas do Instituto Nacional do Seguro Social (INSS) come\u00e7am a receber a primeira metade da parcela do 13\u00ba sal\u00e1rio, a partir desta quarta-feira (24). Em geral, a primeira parcela do abono anual, tamb\u00e9m conhecido como 13\u00ba dos benefici\u00e1rios da Previd\u00eancia Social, ocorre em agosto de cada ano. No m\u00eas passado, o governo [&hellip;]<\/p>\n","protected":false},"author":2,"featured_media":21806,"comment_status":"open","ping_status":"open","sticky":false,"template":"","format":"standard","meta":{"footnotes":""},"categories":[7],"tags":[172],"class_list":["post-21802","post","type-post","status-publish","format-standard","has-post-thumbnail","hentry","category-geral","tag-featured"],"amp_enabled":true,"_links":{"self":[{"href":"https:\/\/radiostudiow.com.br\/site\/wp-json\/wp\/v2\/posts\/21802","targetHints":{"allow":["GET"]}}],"collection":[{"href":"https:\/\/radiostudiow.com.br\/site\/wp-json\/wp\/v2\/posts"}],"about":[{"href":"https:\/\/radiostudiow.com.br\/site\/wp-json\/wp\/v2\/types\/post"}],"author":[{"embeddable":true,"href":"https:\/\/radiostudiow.com.br\/site\/wp-json\/wp\/v2\/users\/2"}],"replies":[{"embeddable":true,"href":"https:\/\/radiostudiow.com.br\/site\/wp-json\/wp\/v2\/comments?post=21802"}],"version-history":[{"count":3,"href":"https:\/\/radiostudiow.com.br\/site\/wp-json\/wp\/v2\/posts\/21802\/revisions"}],"predecessor-version":[{"id":21808,"href":"https:\/\/radiostudiow.com.br\/site\/wp-json\/wp\/v2\/posts\/21802\/revisions\/21808"}],"wp:featuredmedia":[{"embeddable":true,"href":"https:\/\/radiostudiow.com.br\/site\/wp-json\/wp\/v2\/media\/21806"}],"wp:attachment":[{"href":"https:\/\/radiostudiow.com.br\/site\/wp-json\/wp\/v2\/media?parent=21802"}],"wp:term":[{"taxonomy":"category","embeddable":true,"href":"https:\/\/radiostudiow.com.br\/site\/wp-json\/wp\/v2\/categories?post=21802"},{"taxonomy":"post_tag","embeddable":true,"href":"https:\/\/radiostudiow.com.br\/site\/wp-json\/wp\/v2\/tags?post=21802"}],"curies":[{"name":"wp","href":"https:\/\/api.w.org\/{rel}","templated":true}]}}