{"id":21821,"date":"2024-04-23T09:45:00","date_gmt":"2024-04-23T12:45:00","guid":{"rendered":"https:\/\/radiostudiow.com.br\/site\/?p=21821"},"modified":"2025-01-31T14:59:25","modified_gmt":"2025-01-31T17:59:25","slug":"moradores-de-dorizon-e-rio-claro-do-sul-participam-do-encontro-e-apresentam-propostas-para-a-revisao-do-plano-diretor-de-mallet","status":"publish","type":"post","link":"https:\/\/radiostudiow.com.br\/site\/2024\/04\/23\/moradores-de-dorizon-e-rio-claro-do-sul-participam-do-encontro-e-apresentam-propostas-para-a-revisao-do-plano-diretor-de-mallet\/","title":{"rendered":"Moradores\u00a0 de Dorizon e Rio Claro do Sul participam do encontro e apresentam propostas para a Revis\u00e3o do Plano Diretor de Mallet"},"content":{"rendered":"\n<p>Os encontros aconteceram, na quinta-feira (18\/04), no Distrito de Dorizon e na sexta-feira (19\/04) no Distrito de Rio Claro do Sul, e reuniu moradores dos distritos e dos centros.<\/p>\n\n\n\n<figure class=\"wp-block-image size-full\"><img decoding=\"async\" src=\"https:\/\/radiostudiow.com.br\/site\/wp-content\/uploads\/2024\/04\/image-54.png\" alt=\"\" class=\"wp-image-21388\"\/><\/figure>\n\n\n\n<p>No dia 09\/05\/2024 \u00e0s 18h30min, a Prefeitura Municipal, por meio da Secretaria Municipal de Planejamento, juntamente com a Associa\u00e7\u00e3o dos Munic\u00edpios do Centro Sul do Paran\u00e1 &#8211; AMCESPAR\u00a0 realizar\u00e1 na C\u00e2mara de Vereadores mais uma oficina comunit\u00e1ria para coletar propostas para a Revis\u00e3o do Plano Diretor de Mallet.<\/p>\n\n\n\n<p>Ao total ser\u00e3o quatro encontros p\u00fablicos, abertos \u00e0 participa\u00e7\u00e3o da popula\u00e7\u00e3o, para abranger todo o munic\u00edpio, tanto urbano como rural.&nbsp;<\/p>\n\n\n\n<p>Os trabalhos est\u00e3o sendo coordenados pela equipe da Prefeitura Municipal e da AMCESPAR.\u00a0 Na abertura, foram apresentados os membros da equipe t\u00e9cnica municipal que est\u00e1 respons\u00e1vel pela organiza\u00e7\u00e3o dos trabalhos.<\/p>\n\n\n\n<figure class=\"wp-block-gallery has-nested-images columns-default is-cropped wp-block-gallery-1 is-layout-flex wp-block-gallery-is-layout-flex\">\n<figure class=\"wp-block-image size-large\"><img loading=\"lazy\" decoding=\"async\" width=\"768\" height=\"1024\" data-id=\"21833\" src=\"https:\/\/radiostudiow.com.br\/site\/wp-content\/uploads\/2024\/04\/03-3-768x1024.jpeg\" alt=\"\" class=\"wp-image-21833\" srcset=\"https:\/\/radiostudiow.com.br\/site\/wp-content\/uploads\/2024\/04\/03-3-768x1024.jpeg 768w, https:\/\/radiostudiow.com.br\/site\/wp-content\/uploads\/2024\/04\/03-3-225x300.jpeg 225w, https:\/\/radiostudiow.com.br\/site\/wp-content\/uploads\/2024\/04\/03-3-1152x1536.jpeg 1152w, https:\/\/radiostudiow.com.br\/site\/wp-content\/uploads\/2024\/04\/03-3.jpeg 1200w\" sizes=\"auto, (max-width: 768px) 100vw, 768px\" \/><figcaption class=\"wp-element-caption\">Rio Claro do Sul<\/figcaption><\/figure>\n\n\n\n<figure class=\"wp-block-image size-large\"><img loading=\"lazy\" decoding=\"async\" width=\"768\" height=\"1024\" data-id=\"21834\" src=\"https:\/\/radiostudiow.com.br\/site\/wp-content\/uploads\/2024\/04\/04-1-768x1024.jpeg\" alt=\"\" class=\"wp-image-21834\" srcset=\"https:\/\/radiostudiow.com.br\/site\/wp-content\/uploads\/2024\/04\/04-1-768x1024.jpeg 768w, https:\/\/radiostudiow.com.br\/site\/wp-content\/uploads\/2024\/04\/04-1-225x300.jpeg 225w, https:\/\/radiostudiow.com.br\/site\/wp-content\/uploads\/2024\/04\/04-1-1152x1536.jpeg 1152w, https:\/\/radiostudiow.com.br\/site\/wp-content\/uploads\/2024\/04\/04-1.jpeg 1200w\" sizes=\"auto, (max-width: 768px) 100vw, 768px\" \/><figcaption class=\"wp-element-caption\">Rio Claro do Sul<\/figcaption><\/figure>\n<\/figure>\n\n\n\n<figure class=\"wp-block-image size-full\"><img decoding=\"async\" src=\"https:\/\/radiostudiow.com.br\/site\/wp-content\/uploads\/2024\/04\/image-55.png\" alt=\"\" class=\"wp-image-21389\"\/><\/figure>\n\n\n\n<p>&nbsp;A din\u00e2mica consistiu em abrir espa\u00e7os aos mun\u00edcipes para livre participa\u00e7\u00e3o e manifesta\u00e7\u00e3o, os moradores puderam conversar e compartilhar experi\u00eancias e viv\u00eancias. Os presentes formaram grupos de trabalho, receberam as demandas e cada participante contribuiu com sua sugest\u00e3o para o que precisa melhorar na cidade. Ao final, os representantes de cada grupo apresentaram suas propostas de mudan\u00e7a.<\/p>\n\n\n\n<p>O objetivo da oficina foi coletar informa\u00e7\u00f5es das comunidades a respeito do que esperam da cidade. As informa\u00e7\u00f5es ajudar\u00e3o a nortear os t\u00e9cnicos respons\u00e1veis na elabora\u00e7\u00e3o e desenvolvimento da revis\u00e3o do plano.<\/p>\n\n\n\n<p>&nbsp;O Plano Diretor \u00e9 um instrumento legal que ajuda no planejamento do munic\u00edpio. Apresenta regras de crescimento de bairros, uso do territ\u00f3rio municipal para habita\u00e7\u00e3o e diretrizes para constru\u00e7\u00f5es de pr\u00e9dios e resid\u00eancias, bem como espa\u00e7os que devem ser preservados. Por sua relev\u00e2ncia, necessita da participa\u00e7\u00e3o da popula\u00e7\u00e3o para sua elabora\u00e7\u00e3o ou revis\u00e3o.<\/p>\n\n\n\n<figure class=\"wp-block-image size-large\"><img loading=\"lazy\" decoding=\"async\" width=\"1024\" height=\"768\" src=\"https:\/\/radiostudiow.com.br\/site\/wp-content\/uploads\/2024\/04\/05-1024x768.jpeg\" alt=\"\" class=\"wp-image-21835\" srcset=\"https:\/\/radiostudiow.com.br\/site\/wp-content\/uploads\/2024\/04\/05-1024x768.jpeg 1024w, https:\/\/radiostudiow.com.br\/site\/wp-content\/uploads\/2024\/04\/05-300x225.jpeg 300w, https:\/\/radiostudiow.com.br\/site\/wp-content\/uploads\/2024\/04\/05-768x576.jpeg 768w, https:\/\/radiostudiow.com.br\/site\/wp-content\/uploads\/2024\/04\/05-1536x1152.jpeg 1536w, https:\/\/radiostudiow.com.br\/site\/wp-content\/uploads\/2024\/04\/05.jpeg 1600w\" sizes=\"auto, (max-width: 1024px) 100vw, 1024px\" \/><figcaption class=\"wp-element-caption\">Rio Claro do Sul<\/figcaption><\/figure>\n\n\n\n<figure class=\"wp-block-image size-large\"><img loading=\"lazy\" decoding=\"async\" width=\"1024\" height=\"472\" src=\"https:\/\/radiostudiow.com.br\/site\/wp-content\/uploads\/2024\/04\/07-1024x472.jpeg\" alt=\"\" class=\"wp-image-21836\" srcset=\"https:\/\/radiostudiow.com.br\/site\/wp-content\/uploads\/2024\/04\/07-1024x472.jpeg 1024w, https:\/\/radiostudiow.com.br\/site\/wp-content\/uploads\/2024\/04\/07-300x138.jpeg 300w, https:\/\/radiostudiow.com.br\/site\/wp-content\/uploads\/2024\/04\/07-768x354.jpeg 768w, https:\/\/radiostudiow.com.br\/site\/wp-content\/uploads\/2024\/04\/07-1536x708.jpeg 1536w, https:\/\/radiostudiow.com.br\/site\/wp-content\/uploads\/2024\/04\/07.jpeg 1600w\" sizes=\"auto, (max-width: 1024px) 100vw, 1024px\" \/><figcaption class=\"wp-element-caption\">Dorizon<\/figcaption><\/figure>\n","protected":false},"excerpt":{"rendered":"<p>Os encontros aconteceram, na quinta-feira (18\/04), no Distrito de Dorizon e na sexta-feira (19\/04) no Distrito de Rio Claro do Sul, e reuniu moradores dos distritos e dos centros. No dia 09\/05\/2024 \u00e0s 18h30min, a Prefeitura Municipal, por meio da Secretaria Municipal de Planejamento, juntamente com a Associa\u00e7\u00e3o dos Munic\u00edpios do Centro Sul do Paran\u00e1 [&hellip;]<\/p>\n","protected":false},"author":2,"featured_media":21832,"comment_status":"open","ping_status":"open","sticky":false,"template":"","format":"standard","meta":{"footnotes":""},"categories":[184],"tags":[172],"class_list":["post-21821","post","type-post","status-publish","format-standard","has-post-thumbnail","hentry","category-local","tag-featured"],"amp_enabled":true,"_links":{"self":[{"href":"https:\/\/radiostudiow.com.br\/site\/wp-json\/wp\/v2\/posts\/21821","targetHints":{"allow":["GET"]}}],"collection":[{"href":"https:\/\/radiostudiow.com.br\/site\/wp-json\/wp\/v2\/posts"}],"about":[{"href":"https:\/\/radiostudiow.com.br\/site\/wp-json\/wp\/v2\/types\/post"}],"author":[{"embeddable":true,"href":"https:\/\/radiostudiow.com.br\/site\/wp-json\/wp\/v2\/users\/2"}],"replies":[{"embeddable":true,"href":"https:\/\/radiostudiow.com.br\/site\/wp-json\/wp\/v2\/comments?post=21821"}],"version-history":[{"count":1,"href":"https:\/\/radiostudiow.com.br\/site\/wp-json\/wp\/v2\/posts\/21821\/revisions"}],"predecessor-version":[{"id":21837,"href":"https:\/\/radiostudiow.com.br\/site\/wp-json\/wp\/v2\/posts\/21821\/revisions\/21837"}],"wp:featuredmedia":[{"embeddable":true,"href":"https:\/\/radiostudiow.com.br\/site\/wp-json\/wp\/v2\/media\/21832"}],"wp:attachment":[{"href":"https:\/\/radiostudiow.com.br\/site\/wp-json\/wp\/v2\/media?parent=21821"}],"wp:term":[{"taxonomy":"category","embeddable":true,"href":"https:\/\/radiostudiow.com.br\/site\/wp-json\/wp\/v2\/categories?post=21821"},{"taxonomy":"post_tag","embeddable":true,"href":"https:\/\/radiostudiow.com.br\/site\/wp-json\/wp\/v2\/tags?post=21821"}],"curies":[{"name":"wp","href":"https:\/\/api.w.org\/{rel}","templated":true}]}}